{"id":17798,"date":"2025-12-06T11:57:47","date_gmt":"2025-12-06T11:57:47","guid":{"rendered":"https:\/\/infozamoraec.com\/?p=17798"},"modified":"2025-12-06T11:57:47","modified_gmt":"2025-12-06T11:57:47","slug":"ecuador-en-el-grupo-e-con-alemania-curacao-y-costa-de-marfil","status":"publish","type":"post","link":"https:\/\/infozamoraec.com\/index.php\/2025\/12\/06\/ecuador-en-el-grupo-e-con-alemania-curacao-y-costa-de-marfil\/","title":{"rendered":"Ecuador en el grupo E, con Alemania, Cura\u00e7ao y Costa de Marfil"},"content":{"rendered":"<p>Ecuador jugar\u00e1 contra Alemania, Cura\u00e7ao y Costa de Marfil, en el Grupo E, tras el sorteo celebrado este viernes en el Centro Kennedy de Washington.<\/p>\n<p>La selecci\u00f3n de Ecuador ya conoce su camino en la Copa Mundial de la FIFA 2026. El sorteo realizado este viernes en el Kennedy Center, en Washington, defini\u00f3 que la Tri integrar\u00e1 el Grupo E, junto al tetracampe\u00f3n mundial Alemania, adem\u00e1s de Costa de Marfil y Curazao, debutante en la m\u00e1xima cita del f\u00fatbol.<\/p>\n<div class=\"cp-excerpt-xl\">\n<p>Ser\u00e1 la quinta participaci\u00f3n mundialista para Ecuador, que llega tras una destacada campa\u00f1a en las Eliminatorias Sudamericanas, donde finaliz\u00f3 en el segundo lugar. El equipo dirigido por el argentino Sebasti\u00e1n Beccacece afrontar\u00e1 un reto may\u00fasculo: medirse nuevamente con Alemania, rival al que ya enfrent\u00f3 en la fase de grupos de 2006, cuando cay\u00f3 3-0 en Dortmund.<\/p>\n<p>El formato ampliado del torneo, que por primera vez se disputar\u00e1 en Estados Unidos, M\u00e9xico y Canad\u00e1, contempla 48 selecciones distribuidas en 12 grupos de cuatro. Los dos primeros de cada zona y los ocho mejores terceros avanzar\u00e1n a los dieciseisavos de final, lo que abre m\u00e1s posibilidades de clasificaci\u00f3n, pero tambi\u00e9n incrementa la exigencia desde el debut.<\/p>\n<p>Costa de Marfil, potencia africana con experiencia mundialista, ser\u00e1 otro escollo de cuidado para la Tri. En tanto, Curazao vivir\u00e1 su primera participaci\u00f3n en una Copa del Mundo, lo que a\u00f1ade un componente hist\u00f3rico al grupo. Para Ecuador, el desaf\u00edo ser\u00e1 combinar juventud y experiencia, con figuras como Mois\u00e9s Caicedo, Willian Pacho y Piero Hincapi\u00e9 llamados a liderar la nueva generaci\u00f3n.<\/p>\n<p>Partidos de Ecuador<\/p>\n<p>en el Mundial 2026<\/p>\n<p>Ecuador debutar\u00e1 ante Costa de Marfil, tendr\u00e1 a Curazao como segundo rival y cerrar\u00e1 la fase dee grupos ante Alemania<\/p>\n<p>La FIFA anunciar\u00e1 este s\u00e1bado 6 de diciembre el calendario oficial de partidos, con fechas, horarios y sedes. El torneo se inaugurar\u00e1 el 11 de junio en Ciudad de M\u00e9xico y la gran final se disputar\u00e1 el 19 de julio de 2026 en el estadio MetLife de Nueva Jersey.<\/p>\n<p>Por otro lado, La Tri ya tiene definidos sus rivales para la fecha FIFA de marzo. Se medir\u00e1 a Pa\u00edses Bajos en \u00c1msterdam y posteriormente enfrentar\u00e1 a Marruecos en Espa\u00f1a.<\/p>\n<p>&nbsp;<\/p>\n<\/div>\n","protected":false},"excerpt":{"rendered":"<p>Ecuador jugar\u00e1 contra Alemania, Cura\u00e7ao y Costa de Marfil, en el Grupo E, tras el sorteo celebrado este viernes en el Centro Kennedy de Washington. La selecci\u00f3n de Ecuador ya conoce su camino en la Copa Mundial de la FIFA 2026. El sorteo realizado este viernes en el Kennedy Center, en Washington, defini\u00f3 que la [&hellip;]<\/p>\n","protected":false},"author":1,"featured_media":17799,"comment_status":"open","ping_status":"open","sticky":false,"template":"","format":"standard","meta":{"footnotes":""},"categories":[12,14],"tags":[],"_links":{"self":[{"href":"https:\/\/infozamoraec.com\/index.php\/wp-json\/wp\/v2\/posts\/17798"}],"collection":[{"href":"https:\/\/infozamoraec.com\/index.php\/wp-json\/wp\/v2\/posts"}],"about":[{"href":"https:\/\/infozamoraec.com\/index.php\/wp-json\/wp\/v2\/types\/post"}],"author":[{"embeddable":true,"href":"https:\/\/infozamoraec.com\/index.php\/wp-json\/wp\/v2\/users\/1"}],"replies":[{"embeddable":true,"href":"https:\/\/infozamoraec.com\/index.php\/wp-json\/wp\/v2\/comments?post=17798"}],"version-history":[{"count":1,"href":"https:\/\/infozamoraec.com\/index.php\/wp-json\/wp\/v2\/posts\/17798\/revisions"}],"predecessor-version":[{"id":17800,"href":"https:\/\/infozamoraec.com\/index.php\/wp-json\/wp\/v2\/posts\/17798\/revisions\/17800"}],"wp:featuredmedia":[{"embeddable":true,"href":"https:\/\/infozamoraec.com\/index.php\/wp-json\/wp\/v2\/media\/17799"}],"wp:attachment":[{"href":"https:\/\/infozamoraec.com\/index.php\/wp-json\/wp\/v2\/media?parent=17798"}],"wp:term":[{"taxonomy":"category","embeddable":true,"href":"https:\/\/infozamoraec.com\/index.php\/wp-json\/wp\/v2\/categories?post=17798"},{"taxonomy":"post_tag","embeddable":true,"href":"https:\/\/infozamoraec.com\/index.php\/wp-json\/wp\/v2\/tags?post=17798"}],"curies":[{"name":"wp","href":"https:\/\/api.w.org\/{rel}","templated":true}]}}