{"id":17795,"date":"2025-12-06T11:54:55","date_gmt":"2025-12-06T11:54:55","guid":{"rendered":"https:\/\/infozamoraec.com\/?p=17795"},"modified":"2025-12-06T11:54:55","modified_gmt":"2025-12-06T11:54:55","slug":"muere-eduardo-manzano-comediante-mexicano-de-los-polivoces","status":"publish","type":"post","link":"https:\/\/infozamoraec.com\/index.php\/2025\/12\/06\/muere-eduardo-manzano-comediante-mexicano-de-los-polivoces\/","title":{"rendered":"Muere Eduardo Manzano, comediante mexicano de &#8216;Los Polivoces&#8217;"},"content":{"rendered":"<p>M\u00e9xico despide a uno de sus m\u00e1s queridos comediantes, Eduardo Manzano Balderas, quien muri\u00f3 el jueves 4 de diciembre de 2025. Tuvo una larga carrera art\u00edstica, incluyendo una producci\u00f3n cinematogr\u00e1fica junto al recordado Roberto G\u00f3mez Bola\u00f1o, &#8216;Chespirito&#8217;.<\/p>\n<p>El actor falleci\u00f3 a los 87 a\u00f1os, comparti\u00f3 su hijo Eduardo Manzano Jr a trav\u00e9s de sus redes sociales: \u201cCon profundo dolor despedimos a mi papito hermoso y agradecemos a todos los que respetuosamente se han sumado con sus muestras de cari\u00f1o\u201d, escribi\u00f3.<\/p>\n<p>Muere el actor colombiano Conrado Osorio, que trabaj\u00f3 en novelas como &#8216;La fea m\u00e1s bella&#8217; y &#8216;La Reina del Sur&#8217;<\/p>\n<p>\u201cHoy al escenario de la vida ha bajado el tel\u00f3n. Mi padre, un comediante querido por miles y un ser humano admirado por todos los que lo conocieron, ha partido de este mundo\u201d, escribi\u00f3 el hijo de Eduardo en un comunicado.<\/p>\n<p>Eduardo Manzano es muy recordado porque integr\u00f3, junto a Enrique Cuenca, el d\u00fao c\u00f3mico &#8216;Los Polivoces&#8217;, en las d\u00e9cadas de 1960 y 1970. El programa del mismo nombre fue muy popular en la televisi\u00f3n mexicana y tuvo gran acogida el Latinoam\u00e9rica.<\/p>\n<p>Tras la separaci\u00f3n de &#8216;Los Polivoces&#8217; vinieron otros papeles muy recordados. En 2007, lleg\u00f3 a Una familia de diez, una producci\u00f3n del tambi\u00e9n legendario Jorge Ortiz de Pinedo, con el papel de Arnoldo L\u00f3pez. Tambi\u00e9n ha tenido participaciones en &#8216;La Rosa de Guadalupe&#8217; y &#8216;Como dice el dicho&#8217;.<\/p>\n","protected":false},"excerpt":{"rendered":"<p>M\u00e9xico despide a uno de sus m\u00e1s queridos comediantes, Eduardo Manzano Balderas, quien muri\u00f3 el jueves 4 de diciembre de 2025. Tuvo una larga carrera art\u00edstica, incluyendo una producci\u00f3n cinematogr\u00e1fica junto al recordado Roberto G\u00f3mez Bola\u00f1o, &#8216;Chespirito&#8217;. El actor falleci\u00f3 a los 87 a\u00f1os, comparti\u00f3 su hijo Eduardo Manzano Jr a trav\u00e9s de sus redes [&hellip;]<\/p>\n","protected":false},"author":1,"featured_media":17796,"comment_status":"open","ping_status":"open","sticky":false,"template":"","format":"standard","meta":{"footnotes":""},"categories":[8,44],"tags":[],"_links":{"self":[{"href":"https:\/\/infozamoraec.com\/index.php\/wp-json\/wp\/v2\/posts\/17795"}],"collection":[{"href":"https:\/\/infozamoraec.com\/index.php\/wp-json\/wp\/v2\/posts"}],"about":[{"href":"https:\/\/infozamoraec.com\/index.php\/wp-json\/wp\/v2\/types\/post"}],"author":[{"embeddable":true,"href":"https:\/\/infozamoraec.com\/index.php\/wp-json\/wp\/v2\/users\/1"}],"replies":[{"embeddable":true,"href":"https:\/\/infozamoraec.com\/index.php\/wp-json\/wp\/v2\/comments?post=17795"}],"version-history":[{"count":1,"href":"https:\/\/infozamoraec.com\/index.php\/wp-json\/wp\/v2\/posts\/17795\/revisions"}],"predecessor-version":[{"id":17797,"href":"https:\/\/infozamoraec.com\/index.php\/wp-json\/wp\/v2\/posts\/17795\/revisions\/17797"}],"wp:featuredmedia":[{"embeddable":true,"href":"https:\/\/infozamoraec.com\/index.php\/wp-json\/wp\/v2\/media\/17796"}],"wp:attachment":[{"href":"https:\/\/infozamoraec.com\/index.php\/wp-json\/wp\/v2\/media?parent=17795"}],"wp:term":[{"taxonomy":"category","embeddable":true,"href":"https:\/\/infozamoraec.com\/index.php\/wp-json\/wp\/v2\/categories?post=17795"},{"taxonomy":"post_tag","embeddable":true,"href":"https:\/\/infozamoraec.com\/index.php\/wp-json\/wp\/v2\/tags?post=17795"}],"curies":[{"name":"wp","href":"https:\/\/api.w.org\/{rel}","templated":true}]}}