{"id":17792,"date":"2025-12-06T11:53:03","date_gmt":"2025-12-06T11:53:03","guid":{"rendered":"https:\/\/infozamoraec.com\/?p=17792"},"modified":"2025-12-06T11:53:03","modified_gmt":"2025-12-06T11:53:03","slug":"juan-orlando-hernandez-comparte-video-agradeciendole-a-trump-por-el-indulto","status":"publish","type":"post","link":"https:\/\/infozamoraec.com\/index.php\/2025\/12\/06\/juan-orlando-hernandez-comparte-video-agradeciendole-a-trump-por-el-indulto\/","title":{"rendered":"Juan Orlando Hern\u00e1ndez comparte video agradeci\u00e9ndole a Trump por el indulto"},"content":{"rendered":"<p>El expresidente de Honduras Juan Orlando Hern\u00e1ndez agradeci\u00f3 este viernes en un video al presidente de Estados Unidos, Donald Trump, \u00abpor reconocer la injusticia\u00bb en su caso, y haberle concedido el indulto, despu\u00e9s de permanecer m\u00e1s de tres a\u00f1os en una c\u00e1rcel de Nueva York, donde en junio de 2024 fue condenado a 45 a\u00f1os de prisi\u00f3n por narcotr\u00e1fico y comercio ilegal de armas.<\/p>\n<p><strong>\u00abUna vez m\u00e1s, quiero agradecer al presidente Donald Trump por reconocer la injusticia en mi caso y por concederme ese perd\u00f3n, as\u00ed como por las fuertes palabras muy claras al pueblo hondure\u00f1o\u00bb<\/strong>, expres\u00f3 -a trav\u00e9s de un video en redes sociales- Hern\u00e1ndez, quien fue presidente de Honduras de 2014 a 2022.<\/p>\n<p>\u00abPor eso estoy agradecido que haya mostrado el inter\u00e9s en el destino de nuestra naci\u00f3n y ha comprendido la importancia de una Honduras segura, fuerte, pr\u00f3spera, mientras trabajamos para hacer a las Am\u00e9ricas grandes de nuevo, el liderazgo del presidente Trump ha hecho toda la diferencia y agradezco profundamente\u00bb, subray\u00f3.<\/p>\n<p>\u00abHoy estoy de pie, tomado de la mano de Dios, con la esperanza y la convicci\u00f3n que vamos a salir adelante. Y hoy debo decirlo con mucha claridad: fui v\u00edctima de una conspiraci\u00f3n de la izquierda radical, no solo de Honduras, sino de otros pa\u00edses, pero tambi\u00e9n de funcionarios del Gobierno de la Administraci\u00f3n Biden\u00bb, afirm\u00f3 Hern\u00e1ndez, vestido de traje formal.<\/p>\n<p>Indic\u00f3 adem\u00e1s que sacarlo del pa\u00eds fue parte \u00abde un acuerdo\u00bb para destruirlo \u00abpol\u00edticamente\u00bb.<\/p>\n<p>\u00abQuisieron asesinarme moralmente, borrar mi nombre y desterrar mi legado. El juicio que enfrent\u00e9 fue fundamentalmente manipulado, construido sin evidencias sobre las acusaciones de los mismos habitantes cuyos carteles y redes nosotros destruimos\u00bb, dijo el exmandatario.<\/p>\n<p>El pasado 28 de octubre, cuando cumpli\u00f3 57 a\u00f1os, Hern\u00e1ndez le envi\u00f3 una carta a Trump en la que, trat\u00e1ndolo de \u00abExcelencia\u00bb, le pidi\u00f3 que lo indultara.<\/p>\n<p>Trump lo escuch\u00f3 y el pasado 28 de noviembre, a dos d\u00edas de que se celebraran las elecciones generales, anunci\u00f3 que lo indultar\u00eda.<\/p>\n<p>Dos d\u00edas antes, Trump hab\u00eda expresado su apoyo al candidato presidencial Nasry Asfura, del conservador Partido Nacional de Honduras, el mismo con el que gobern\u00f3 Hern\u00e1ndez, y le pidi\u00f3 a los hondure\u00f1os que votar\u00e1n por \u00e9l.<\/p>\n<p>Con m\u00e1s del 87 % escrutado, Asfura encabeza los resultados de las elecciones con 1.130.230 votos (40,20 %), contra 1.109.830 (39,47 %) de Salvador Nasralla, del tambi\u00e9n conservador Partido Liberal. EFE (I)<\/p>\n<figure class=\"wp-block-embed is-type-rich is-provider-twitter wp-block-embed-twitter\">\n<div class=\"wp-block-embed__wrapper\"><\/div>\n<\/figure>\n","protected":false},"excerpt":{"rendered":"<p>El expresidente de Honduras Juan Orlando Hern\u00e1ndez agradeci\u00f3 este viernes en un video al presidente de Estados Unidos, Donald Trump, \u00abpor reconocer la injusticia\u00bb en su caso, y haberle concedido el indulto, despu\u00e9s de permanecer m\u00e1s de tres a\u00f1os en una c\u00e1rcel de Nueva York, donde en junio de 2024 fue condenado a 45 a\u00f1os [&hellip;]<\/p>\n","protected":false},"author":1,"featured_media":17793,"comment_status":"open","ping_status":"open","sticky":false,"template":"","format":"standard","meta":{"footnotes":""},"categories":[8],"tags":[],"_links":{"self":[{"href":"https:\/\/infozamoraec.com\/index.php\/wp-json\/wp\/v2\/posts\/17792"}],"collection":[{"href":"https:\/\/infozamoraec.com\/index.php\/wp-json\/wp\/v2\/posts"}],"about":[{"href":"https:\/\/infozamoraec.com\/index.php\/wp-json\/wp\/v2\/types\/post"}],"author":[{"embeddable":true,"href":"https:\/\/infozamoraec.com\/index.php\/wp-json\/wp\/v2\/users\/1"}],"replies":[{"embeddable":true,"href":"https:\/\/infozamoraec.com\/index.php\/wp-json\/wp\/v2\/comments?post=17792"}],"version-history":[{"count":1,"href":"https:\/\/infozamoraec.com\/index.php\/wp-json\/wp\/v2\/posts\/17792\/revisions"}],"predecessor-version":[{"id":17794,"href":"https:\/\/infozamoraec.com\/index.php\/wp-json\/wp\/v2\/posts\/17792\/revisions\/17794"}],"wp:featuredmedia":[{"embeddable":true,"href":"https:\/\/infozamoraec.com\/index.php\/wp-json\/wp\/v2\/media\/17793"}],"wp:attachment":[{"href":"https:\/\/infozamoraec.com\/index.php\/wp-json\/wp\/v2\/media?parent=17792"}],"wp:term":[{"taxonomy":"category","embeddable":true,"href":"https:\/\/infozamoraec.com\/index.php\/wp-json\/wp\/v2\/categories?post=17792"},{"taxonomy":"post_tag","embeddable":true,"href":"https:\/\/infozamoraec.com\/index.php\/wp-json\/wp\/v2\/tags?post=17792"}],"curies":[{"name":"wp","href":"https:\/\/api.w.org\/{rel}","templated":true}]}}