{"id":17789,"date":"2025-12-06T11:50:53","date_gmt":"2025-12-06T11:50:53","guid":{"rendered":"https:\/\/infozamoraec.com\/?p=17789"},"modified":"2025-12-06T11:50:53","modified_gmt":"2025-12-06T11:50:53","slug":"marco-rubio-multa-de-bruselas-a-x-es-un-ataque-a-eeuu","status":"publish","type":"post","link":"https:\/\/infozamoraec.com\/index.php\/2025\/12\/06\/marco-rubio-multa-de-bruselas-a-x-es-un-ataque-a-eeuu\/","title":{"rendered":"Marco Rubio: Multa de Bruselas a X es un \u00abataque\u00bb a EEUU"},"content":{"rendered":"<p>El secretario de Estado estadounidense, Marco Rubio, calific\u00f3 este viernes la multa de Bruselas a la red social X como un \u00abataque\u00bb a Estados Unidos \u00abpor parte de gobiernos extranjeros\u00bb.<\/p>\n<p>La Comisi\u00f3n Europea (CE) impuso una multa de 130 millones de euros a la red social de Elon Musk por incumplir sus obligaciones de transparencia de acuerdo a la ley de servicios digitales comunitaria.<\/p>\n<p>\u00abLa multa de 140 millones de d\u00f3lares de la Comisi\u00f3n Europea no es s\u00f3lo un ataque a X, es un ataque a todas las plataformas tecnol\u00f3gicas estadounidenses y al pueblo estadounidense por parte de gobiernos extranjeros\u00bb, declar\u00f3 Rubio en un mensaje en X.<\/p>\n<p>\u00abSe acabaron los d\u00edas de censurar a los estadounidenses en Internet\u00bb, agreg\u00f3.<\/p>\n<p>Las infracciones de X, explic\u00f3 la CE en un comunicado, incluyen el \u00abdise\u00f1o enga\u00f1oso\u00bb de su marca de verificaci\u00f3n azul, la falta de transparencia de su repositorio publicitario y la falta de acceso a los datos p\u00fablicos para los investigadores.<\/p>\n<p>La empresa estadounidense dispone ahora de 60 d\u00edas h\u00e1biles para informar a la Comisi\u00f3n de las medidas espec\u00edficas que tiene previsto adoptar para poner fin al incumplimiento de la DSA (Digital Services Act, en ingl\u00e9s) en relaci\u00f3n con el uso enga\u00f1oso de las marcas de verificaci\u00f3n azules.<\/p>\n<p>La Administraci\u00f3n de Donald Trump suele acusar a la Uni\u00f3n Europea de \u00abcensurar\u00bb con sus pol\u00edticas de regulaci\u00f3n de las redes sociales y del discurso de odio.<\/p>\n<p>En el informe que marca las directrices de la pol\u00edtica exterior del segundo mandato de Trump, la Casa Blanca advierte que la supuesta censura y las pol\u00edticas migratorias de los pa\u00edses comunitarios supondr\u00e1n el fin de la civilizaci\u00f3n europea. EFE (I)<\/p>\n","protected":false},"excerpt":{"rendered":"<p>El secretario de Estado estadounidense, Marco Rubio, calific\u00f3 este viernes la multa de Bruselas a la red social X como un \u00abataque\u00bb a Estados Unidos \u00abpor parte de gobiernos extranjeros\u00bb. La Comisi\u00f3n Europea (CE) impuso una multa de 130 millones de euros a la red social de Elon Musk por incumplir sus obligaciones de transparencia [&hellip;]<\/p>\n","protected":false},"author":1,"featured_media":17790,"comment_status":"open","ping_status":"open","sticky":false,"template":"","format":"standard","meta":{"footnotes":""},"categories":[8],"tags":[],"_links":{"self":[{"href":"https:\/\/infozamoraec.com\/index.php\/wp-json\/wp\/v2\/posts\/17789"}],"collection":[{"href":"https:\/\/infozamoraec.com\/index.php\/wp-json\/wp\/v2\/posts"}],"about":[{"href":"https:\/\/infozamoraec.com\/index.php\/wp-json\/wp\/v2\/types\/post"}],"author":[{"embeddable":true,"href":"https:\/\/infozamoraec.com\/index.php\/wp-json\/wp\/v2\/users\/1"}],"replies":[{"embeddable":true,"href":"https:\/\/infozamoraec.com\/index.php\/wp-json\/wp\/v2\/comments?post=17789"}],"version-history":[{"count":1,"href":"https:\/\/infozamoraec.com\/index.php\/wp-json\/wp\/v2\/posts\/17789\/revisions"}],"predecessor-version":[{"id":17791,"href":"https:\/\/infozamoraec.com\/index.php\/wp-json\/wp\/v2\/posts\/17789\/revisions\/17791"}],"wp:featuredmedia":[{"embeddable":true,"href":"https:\/\/infozamoraec.com\/index.php\/wp-json\/wp\/v2\/media\/17790"}],"wp:attachment":[{"href":"https:\/\/infozamoraec.com\/index.php\/wp-json\/wp\/v2\/media?parent=17789"}],"wp:term":[{"taxonomy":"category","embeddable":true,"href":"https:\/\/infozamoraec.com\/index.php\/wp-json\/wp\/v2\/categories?post=17789"},{"taxonomy":"post_tag","embeddable":true,"href":"https:\/\/infozamoraec.com\/index.php\/wp-json\/wp\/v2\/tags?post=17789"}],"curies":[{"name":"wp","href":"https:\/\/api.w.org\/{rel}","templated":true}]}}