{"id":17780,"date":"2025-12-06T11:43:28","date_gmt":"2025-12-06T11:43:28","guid":{"rendered":"https:\/\/infozamoraec.com\/?p=17780"},"modified":"2025-12-06T11:43:28","modified_gmt":"2025-12-06T11:43:28","slug":"exministro-de-salud-jimmy-martin-ira-a-juicio-politico-por-omitir-abastecimiento-de-medicinas-e-insumos-medicos-en-hospitales-publicos","status":"publish","type":"post","link":"https:\/\/infozamoraec.com\/index.php\/2025\/12\/06\/exministro-de-salud-jimmy-martin-ira-a-juicio-politico-por-omitir-abastecimiento-de-medicinas-e-insumos-medicos-en-hospitales-publicos\/","title":{"rendered":"Exministro de Salud, Jimmy Martin, ir\u00e1 a juicio pol\u00edtico por omitir abastecimiento de medicinas e insumos m\u00e9dicos en hospitales p\u00fablicos"},"content":{"rendered":"<p>El exministro de Salud P\u00fablica, Jimmy Martin Delgado, enfrentar\u00e1 un juicio pol\u00edtico en la Asamblea Nacional por incumplimiento de funciones relacionado con omisi\u00f3n persistente y generalizada del Ministerio de Salud en un desabastecimiento cr\u00edtico de medicamentos, insumos y dispositivos m\u00e9dicos que paraliza la operatividad del sistema nacional de salud.<\/p>\n<p>La solicitud de juicio la plantearon los asamble\u00edstas de la bancada Revoluci\u00f3n Ciudadana (RC): Luis Fernando Molina, Eliana Correa y Franklin Samaniego. La moci\u00f3n de calificaci\u00f3n fue aprobada este 5 de diciembre de 2025, por el Consejo de Administraci\u00f3n Legislativa (CAL), con cuatro votos.<\/p>\n<p>El CAl acogi\u00f3 el informe de la Unidad T\u00e9cnica Legislativa (UTL), que determin\u00f3 que la solicitud de juicio comple con los requisitos establecidos en la Constituci\u00f3n, pues cumple con el n\u00famero m\u00ednimo de firmas requerido, incorpora la prueba documental disponible al momento de la presentaci\u00f3n y anuncia aquella que deber\u00e1 ser actuada durante la sustanciaci\u00f3n del proceso.<\/p>\n<p>El informe tambi\u00e9n se\u00f1ala que la solicitud aporta elementos suficientes para justificar la continuaci\u00f3n del tr\u00e1mite, sin que ello implique una determinaci\u00f3n sobre responsabilidad.<\/p>\n<p>El CAL dispuso a la Secretar\u00eda General de la Asamblea Nacional remita a la Comisi\u00f3n de Fiscalizaci\u00f3n y Control Pol\u00edtico la solicitud de juicio pol\u00edtico, para que inicie el tr\u00e1mite.<\/p>\n","protected":false},"excerpt":{"rendered":"<p>El exministro de Salud P\u00fablica, Jimmy Martin Delgado, enfrentar\u00e1 un juicio pol\u00edtico en la Asamblea Nacional por incumplimiento de funciones relacionado con omisi\u00f3n persistente y generalizada del Ministerio de Salud en un desabastecimiento cr\u00edtico de medicamentos, insumos y dispositivos m\u00e9dicos que paraliza la operatividad del sistema nacional de salud. La solicitud de juicio la plantearon [&hellip;]<\/p>\n","protected":false},"author":1,"featured_media":17781,"comment_status":"open","ping_status":"open","sticky":false,"template":"","format":"standard","meta":{"footnotes":""},"categories":[12],"tags":[],"_links":{"self":[{"href":"https:\/\/infozamoraec.com\/index.php\/wp-json\/wp\/v2\/posts\/17780"}],"collection":[{"href":"https:\/\/infozamoraec.com\/index.php\/wp-json\/wp\/v2\/posts"}],"about":[{"href":"https:\/\/infozamoraec.com\/index.php\/wp-json\/wp\/v2\/types\/post"}],"author":[{"embeddable":true,"href":"https:\/\/infozamoraec.com\/index.php\/wp-json\/wp\/v2\/users\/1"}],"replies":[{"embeddable":true,"href":"https:\/\/infozamoraec.com\/index.php\/wp-json\/wp\/v2\/comments?post=17780"}],"version-history":[{"count":1,"href":"https:\/\/infozamoraec.com\/index.php\/wp-json\/wp\/v2\/posts\/17780\/revisions"}],"predecessor-version":[{"id":17782,"href":"https:\/\/infozamoraec.com\/index.php\/wp-json\/wp\/v2\/posts\/17780\/revisions\/17782"}],"wp:featuredmedia":[{"embeddable":true,"href":"https:\/\/infozamoraec.com\/index.php\/wp-json\/wp\/v2\/media\/17781"}],"wp:attachment":[{"href":"https:\/\/infozamoraec.com\/index.php\/wp-json\/wp\/v2\/media?parent=17780"}],"wp:term":[{"taxonomy":"category","embeddable":true,"href":"https:\/\/infozamoraec.com\/index.php\/wp-json\/wp\/v2\/categories?post=17780"},{"taxonomy":"post_tag","embeddable":true,"href":"https:\/\/infozamoraec.com\/index.php\/wp-json\/wp\/v2\/tags?post=17780"}],"curies":[{"name":"wp","href":"https:\/\/api.w.org\/{rel}","templated":true}]}}