{"id":17777,"date":"2025-12-06T11:41:20","date_gmt":"2025-12-06T11:41:20","guid":{"rendered":"https:\/\/infozamoraec.com\/?p=17777"},"modified":"2025-12-06T11:41:20","modified_gmt":"2025-12-06T11:41:20","slug":"noboa-va-a-oslo-a-la-entrega-del-nobel-a-machado-cuya-asistencia-se-desconoce","status":"publish","type":"post","link":"https:\/\/infozamoraec.com\/index.php\/2025\/12\/06\/noboa-va-a-oslo-a-la-entrega-del-nobel-a-machado-cuya-asistencia-se-desconoce\/","title":{"rendered":"Noboa va a Oslo, a la entrega del Nobel a Machado, cuya asistencia se desconoce"},"content":{"rendered":"<p>Los presidentes de Ecuador, Panam\u00e1 y Paraguay viajar\u00e1n a Oslo el pr\u00f3ximo 10 de diciembre para participar en la ceremonia de entrega del\u00a0<strong><a title=\"Premio Nobel de la Paz\" href=\"https:\/\/www.larepublica.ec\/blog\/2025\/10\/10\/maria-corina-machado-recibe-el-premio-nobel-de-la-paz\/\" target=\"_blank\" rel=\"noopener\">Premio Nobel de la Paz<\/a><\/strong>\u00a0conferido a la opositora venezolana\u00a0<strong>Mar\u00eda Corina Machado<\/strong>,\u00a0<strong>cuya asistencia a\u00fan se desconoce<\/strong>.<\/p>\n<p><strong>El presidente de Panam\u00e1, Jos\u00e9 Ra\u00fal Mulino<\/strong>, confirm\u00f3 este jueves que estar\u00e1 en la ceremonia y lo calific\u00f3 como\u00a0<strong>\u00abun gran honor\u00bb<\/strong>.<\/p>\n<p><strong>\u00abPara m\u00ed, como presidente y como dem\u00f3crata, es una gran oportunidad respaldar a esta mujer s\u00edmbolo de la lucha tenaz contra una dictadura que tiene a ese pueblo oprimido y empobrecido\u00bb<\/strong>, expres\u00f3.<\/p>\n<p>El\u00a0<strong>presidente de Paraguay, Santiago Pe\u00f1a<\/strong>, tambi\u00e9n confirm\u00f3 su asistencia.<\/p>\n<p>El canciller paraguayo, Rub\u00e9n Ram\u00edrez, se\u00f1al\u00f3 en Asunci\u00f3n que la invitaci\u00f3n representa \u00abun reconocimiento\u00bb a la postura de Pe\u00f1a \u00aben defensa de la libertad, los derechos y la democracia\u00bb en Venezuela.<\/p>\n<p>Noboa<br \/>\nLa visita forma parte de una gira que incluye Hungr\u00eda, Noruega y Uzbekist\u00e1n.<\/p>\n<p>En Ecuador, el mandatario Daniel Noboa anunci\u00f3 que acept\u00f3 la invitaci\u00f3n personal de Machado.<\/p>\n<p>\u00abSer\u00e1 un honor estar contigo en Noruega. Tu lucha representa el coraje de toda una regi\u00f3n que se niega a rendirse\u00bb, escribi\u00f3 en X.<\/p>\n<p>Adem\u00e1s, la Canciller\u00eda ecuatoriana se\u00f1al\u00f3 que el Nobel refleja \u00abla imperiosa necesidad\u00bb de que Venezuela retorne plenamente al cauce democr\u00e1tico.<\/p>\n<div class=\"google-auto-placed ap_container\"><\/div>\n","protected":false},"excerpt":{"rendered":"<p>Los presidentes de Ecuador, Panam\u00e1 y Paraguay viajar\u00e1n a Oslo el pr\u00f3ximo 10 de diciembre para participar en la ceremonia de entrega del\u00a0Premio Nobel de la Paz\u00a0conferido a la opositora venezolana\u00a0Mar\u00eda Corina Machado,\u00a0cuya asistencia a\u00fan se desconoce. El presidente de Panam\u00e1, Jos\u00e9 Ra\u00fal Mulino, confirm\u00f3 este jueves que estar\u00e1 en la ceremonia y lo calific\u00f3 [&hellip;]<\/p>\n","protected":false},"author":1,"featured_media":17778,"comment_status":"open","ping_status":"open","sticky":false,"template":"","format":"standard","meta":{"footnotes":""},"categories":[12],"tags":[],"_links":{"self":[{"href":"https:\/\/infozamoraec.com\/index.php\/wp-json\/wp\/v2\/posts\/17777"}],"collection":[{"href":"https:\/\/infozamoraec.com\/index.php\/wp-json\/wp\/v2\/posts"}],"about":[{"href":"https:\/\/infozamoraec.com\/index.php\/wp-json\/wp\/v2\/types\/post"}],"author":[{"embeddable":true,"href":"https:\/\/infozamoraec.com\/index.php\/wp-json\/wp\/v2\/users\/1"}],"replies":[{"embeddable":true,"href":"https:\/\/infozamoraec.com\/index.php\/wp-json\/wp\/v2\/comments?post=17777"}],"version-history":[{"count":1,"href":"https:\/\/infozamoraec.com\/index.php\/wp-json\/wp\/v2\/posts\/17777\/revisions"}],"predecessor-version":[{"id":17779,"href":"https:\/\/infozamoraec.com\/index.php\/wp-json\/wp\/v2\/posts\/17777\/revisions\/17779"}],"wp:featuredmedia":[{"embeddable":true,"href":"https:\/\/infozamoraec.com\/index.php\/wp-json\/wp\/v2\/media\/17778"}],"wp:attachment":[{"href":"https:\/\/infozamoraec.com\/index.php\/wp-json\/wp\/v2\/media?parent=17777"}],"wp:term":[{"taxonomy":"category","embeddable":true,"href":"https:\/\/infozamoraec.com\/index.php\/wp-json\/wp\/v2\/categories?post=17777"},{"taxonomy":"post_tag","embeddable":true,"href":"https:\/\/infozamoraec.com\/index.php\/wp-json\/wp\/v2\/tags?post=17777"}],"curies":[{"name":"wp","href":"https:\/\/api.w.org\/{rel}","templated":true}]}}