{"id":17774,"date":"2025-12-06T11:38:45","date_gmt":"2025-12-06T11:38:45","guid":{"rendered":"https:\/\/infozamoraec.com\/?p=17774"},"modified":"2025-12-06T11:38:45","modified_gmt":"2025-12-06T11:38:45","slug":"zamora-da-la-bienvenida-a-la-navidad-2025-con-encendido-oficial-de-luces-y-actividades-comunitarias","status":"publish","type":"post","link":"https:\/\/infozamoraec.com\/index.php\/2025\/12\/06\/zamora-da-la-bienvenida-a-la-navidad-2025-con-encendido-oficial-de-luces-y-actividades-comunitarias\/","title":{"rendered":"Zamora da la bienvenida a la Navidad 2025 con encendido oficial de luces y actividades comunitarias"},"content":{"rendered":"<p data-start=\"105\" data-end=\"426\">La ciudad de Zamora celebr\u00f3 el inicio de la Navidad 2025 con el encendido oficial de las luces navide\u00f1as instaladas en varios redondeles y parques de la urbe. La iluminaci\u00f3n festiva marc\u00f3 el comienzo de la temporada y congreg\u00f3 a familias que acudieron para disfrutar de un ambiente lleno de color y esp\u00edritu navide\u00f1o.<\/p>\n<p data-start=\"428\" data-end=\"705\">Durante el evento organizado por la Municipalidad de Zamora, los asistentes participaron en actividades dirigidas especialmente a la ni\u00f1ez, como la entrega de caramelos y la presentaci\u00f3n del coro de ni\u00f1as cantoras, quienes ofrecieron un repertorio musical alusivo a esta \u00e9poca.<\/p>\n<p data-start=\"707\" data-end=\"1020\">En la ceremonia estuvieron presentes el alcalde de Zamora, Manuel Gonz\u00e1lez, y el concejal Wilmer Espinoza, quienes compartieron este momento junto a los ciudadanos. En su mensaje, el alcalde destac\u00f3 el significado de la Navidad y resalt\u00f3 el trabajo que ejecuta la administraci\u00f3n municipal en beneficio del cant\u00f3n.<\/p>\n<p data-start=\"1352\" data-end=\"1547\">Por su parte, el concejal Wilmer Espinoza agradeci\u00f3 la asistencia de la comunidad, resaltando que la masiva concurrencia fortalece la tradici\u00f3n y permite celebrar esta fecha con alegr\u00eda y unidad.<\/p>\n<p data-start=\"1352\" data-end=\"1547\">La vicealcaldesa Blanca Carri\u00f3n, a trav\u00e9s de un mensaje difundido en redes sociales, se\u00f1al\u00f3 que <em data-start=\"1118\" data-end=\"1157\">\u201clas cosas en equipo funcionan mejor\u201d<\/em> y reconoci\u00f3 el esfuerzo de las distintas direcciones del municipio por embellecer los espacios p\u00fablicos con decoraciones navide\u00f1as, realizadas con recursos y gesti\u00f3n del personal .<\/p>\n<p data-start=\"1549\" data-end=\"1739\" data-is-last-node=\"\" data-is-only-node=\"\">Con este acto, Zamora inicia oficialmente las festividades navide\u00f1as, invitando a la ciudadan\u00eda a disfrutar y\u00a0 cuidar de los espacios decorados y de las actividades previstas para el mes de diciembre.<\/p>\n","protected":false},"excerpt":{"rendered":"<p>La ciudad de Zamora celebr\u00f3 el inicio de la Navidad 2025 con el encendido oficial de las luces navide\u00f1as instaladas en varios redondeles y parques de la urbe. La iluminaci\u00f3n festiva marc\u00f3 el comienzo de la temporada y congreg\u00f3 a familias que acudieron para disfrutar de un ambiente lleno de color y esp\u00edritu navide\u00f1o. Durante [&hellip;]<\/p>\n","protected":false},"author":1,"featured_media":17775,"comment_status":"open","ping_status":"open","sticky":false,"template":"","format":"standard","meta":{"footnotes":""},"categories":[9],"tags":[],"_links":{"self":[{"href":"https:\/\/infozamoraec.com\/index.php\/wp-json\/wp\/v2\/posts\/17774"}],"collection":[{"href":"https:\/\/infozamoraec.com\/index.php\/wp-json\/wp\/v2\/posts"}],"about":[{"href":"https:\/\/infozamoraec.com\/index.php\/wp-json\/wp\/v2\/types\/post"}],"author":[{"embeddable":true,"href":"https:\/\/infozamoraec.com\/index.php\/wp-json\/wp\/v2\/users\/1"}],"replies":[{"embeddable":true,"href":"https:\/\/infozamoraec.com\/index.php\/wp-json\/wp\/v2\/comments?post=17774"}],"version-history":[{"count":1,"href":"https:\/\/infozamoraec.com\/index.php\/wp-json\/wp\/v2\/posts\/17774\/revisions"}],"predecessor-version":[{"id":17776,"href":"https:\/\/infozamoraec.com\/index.php\/wp-json\/wp\/v2\/posts\/17774\/revisions\/17776"}],"wp:featuredmedia":[{"embeddable":true,"href":"https:\/\/infozamoraec.com\/index.php\/wp-json\/wp\/v2\/media\/17775"}],"wp:attachment":[{"href":"https:\/\/infozamoraec.com\/index.php\/wp-json\/wp\/v2\/media?parent=17774"}],"wp:term":[{"taxonomy":"category","embeddable":true,"href":"https:\/\/infozamoraec.com\/index.php\/wp-json\/wp\/v2\/categories?post=17774"},{"taxonomy":"post_tag","embeddable":true,"href":"https:\/\/infozamoraec.com\/index.php\/wp-json\/wp\/v2\/tags?post=17774"}],"curies":[{"name":"wp","href":"https:\/\/api.w.org\/{rel}","templated":true}]}}