{"id":17769,"date":"2025-12-06T11:23:23","date_gmt":"2025-12-06T11:23:23","guid":{"rendered":"https:\/\/infozamoraec.com\/?p=17769"},"modified":"2025-12-06T11:24:20","modified_gmt":"2025-12-06T11:24:20","slug":"incendio-registrado-en-una-cabana-del-parque-lineal-de-zamora-fue-controlado-por-el-cuerpo-de-bomberos","status":"publish","type":"post","link":"https:\/\/infozamoraec.com\/index.php\/2025\/12\/06\/incendio-registrado-en-una-cabana-del-parque-lineal-de-zamora-fue-controlado-por-el-cuerpo-de-bomberos\/","title":{"rendered":"Incendio registrado en una caba\u00f1a del parque lineal de Zamora fue controlado por el Cuerpo de Bomberos"},"content":{"rendered":"<p data-start=\"108\" data-end=\"350\">La noche de este viernes 05 de diciembre se report\u00f3 un incendio en una de las caba\u00f1as ubicadas en el parque lineal de Zamora. donde\u00a0 funciona\u00a0 un local de\u00a0 venta de\u00a0 alimentos preparados. Personas que se encontraban en el lugar intentaron contener las llamas mientras arribaban los equipos de emergencia.<\/p>\n<p data-start=\"352\" data-end=\"738\">De acuerdo con informaci\u00f3n del Cuerpo de Bomberos de Zamora, la alerta fue recibida a las 18:34. Personal de la Estaci\u00f3n Zamora se moviliz\u00f3 de inmediato hasta el sitio, interviniendo con una unidad contra incendios y un equipo de tres efectivos. La acci\u00f3n oportuna permiti\u00f3 sofocar el fuego antes de que consumiera por completo la estructura, afectando principalmente el \u00e1rea del techo.<\/p>\n<p data-start=\"740\" data-end=\"942\">Hasta el momento se desconocen las causas del siniestro. Las autoridades recomiendan a la ciudadan\u00eda mantener en buen estado las instalaciones el\u00e9ctricas y de gas para prevenir este tipo de emergencias.<\/p>\n<p data-start=\"944\" data-end=\"1105\" data-is-last-node=\"\" data-is-only-node=\"\">El subteniente Rodolfo P\u00e9rez, jefe del Cuerpo de Bomberos de Zamora, destac\u00f3 que la respuesta inmediata evit\u00f3 mayores da\u00f1os y reiter\u00f3 el llamado a la prevenci\u00f3n.<\/p>\n","protected":false},"excerpt":{"rendered":"<p>La noche de este viernes 05 de diciembre se report\u00f3 un incendio en una de las caba\u00f1as ubicadas en el parque lineal de Zamora. donde\u00a0 funciona\u00a0 un local de\u00a0 venta de\u00a0 alimentos preparados. Personas que se encontraban en el lugar intentaron contener las llamas mientras arribaban los equipos de emergencia. De acuerdo con informaci\u00f3n del [&hellip;]<\/p>\n","protected":false},"author":1,"featured_media":17770,"comment_status":"open","ping_status":"open","sticky":false,"template":"","format":"standard","meta":{"footnotes":""},"categories":[9],"tags":[],"_links":{"self":[{"href":"https:\/\/infozamoraec.com\/index.php\/wp-json\/wp\/v2\/posts\/17769"}],"collection":[{"href":"https:\/\/infozamoraec.com\/index.php\/wp-json\/wp\/v2\/posts"}],"about":[{"href":"https:\/\/infozamoraec.com\/index.php\/wp-json\/wp\/v2\/types\/post"}],"author":[{"embeddable":true,"href":"https:\/\/infozamoraec.com\/index.php\/wp-json\/wp\/v2\/users\/1"}],"replies":[{"embeddable":true,"href":"https:\/\/infozamoraec.com\/index.php\/wp-json\/wp\/v2\/comments?post=17769"}],"version-history":[{"count":3,"href":"https:\/\/infozamoraec.com\/index.php\/wp-json\/wp\/v2\/posts\/17769\/revisions"}],"predecessor-version":[{"id":17773,"href":"https:\/\/infozamoraec.com\/index.php\/wp-json\/wp\/v2\/posts\/17769\/revisions\/17773"}],"wp:featuredmedia":[{"embeddable":true,"href":"https:\/\/infozamoraec.com\/index.php\/wp-json\/wp\/v2\/media\/17770"}],"wp:attachment":[{"href":"https:\/\/infozamoraec.com\/index.php\/wp-json\/wp\/v2\/media?parent=17769"}],"wp:term":[{"taxonomy":"category","embeddable":true,"href":"https:\/\/infozamoraec.com\/index.php\/wp-json\/wp\/v2\/categories?post=17769"},{"taxonomy":"post_tag","embeddable":true,"href":"https:\/\/infozamoraec.com\/index.php\/wp-json\/wp\/v2\/tags?post=17769"}],"curies":[{"name":"wp","href":"https:\/\/api.w.org\/{rel}","templated":true}]}}