{"id":17763,"date":"2025-12-06T11:09:40","date_gmt":"2025-12-06T11:09:40","guid":{"rendered":"https:\/\/infozamoraec.com\/?p=17763"},"modified":"2025-12-06T11:09:40","modified_gmt":"2025-12-06T11:09:40","slug":"policia-nacional-impulsa-feria-de-seguridad-en-zamora-para-fortalecer-la-convivencia-ciudadana","status":"publish","type":"post","link":"https:\/\/infozamoraec.com\/index.php\/2025\/12\/06\/policia-nacional-impulsa-feria-de-seguridad-en-zamora-para-fortalecer-la-convivencia-ciudadana\/","title":{"rendered":"Polic\u00eda Nacional impulsa Feria de Seguridad en Zamora para fortalecer la convivencia ciudadana"},"content":{"rendered":"<p data-start=\"100\" data-end=\"392\">La Polic\u00eda Nacional del Ecuador, a trav\u00e9s de la Polic\u00eda Comunitaria del Distrito Zamora, realiz\u00f3 la Feria de Seguridad, un evento interactivo que reuni\u00f3 a autoridades provinciales y cantonales, representantes de instituciones p\u00fablicas y privadas, y estudiantes de varias entidades educativas.<\/p>\n<p data-start=\"394\" data-end=\"609\">La actividad tuvo como prop\u00f3sito acercar a la ciudadan\u00eda a los servicios policiales y promover acciones que fomenten la convivencia pac\u00edfica y la corresponsabilidad entre la comunidad y las instituciones del Estado.<\/p>\n<p data-start=\"611\" data-end=\"929\">Durante la jornada, los asistentes recorrieron diversas estaciones informativas donde se presentaron proyectos, programas preventivos y estrategias de seguridad. Los estudiantes participaron en actividades l\u00fadicas y educativas que buscan fortalecer la cultura de prevenci\u00f3n y el conocimiento sobre el trabajo policial.<\/p>\n<p data-start=\"931\" data-end=\"981\">Entre los puntos destacados del evento estuvieron:<\/p>\n<ul data-start=\"983\" data-end=\"1165\">\n<li data-start=\"983\" data-end=\"1027\">\n<p data-start=\"985\" data-end=\"1027\">Exposici\u00f3n de servicios institucionales.<\/p>\n<\/li>\n<li data-start=\"1028\" data-end=\"1083\">\n<p data-start=\"1030\" data-end=\"1083\">Actividades formativas dirigidas a ni\u00f1os y j\u00f3venes.<\/p>\n<\/li>\n<li data-start=\"1084\" data-end=\"1165\">\n<p data-start=\"1086\" data-end=\"1165\">Espacios de interacci\u00f3n entre autoridades, ciudadan\u00eda y la Polic\u00eda Comunitaria.<\/p>\n<\/li>\n<\/ul>\n<p data-start=\"1167\" data-end=\"1390\" data-is-last-node=\"\" data-is-only-node=\"\">La Feria de Seguridad se consolid\u00f3 como un esfuerzo articulado para promover un modelo de seguridad integral, en el que autoridades, comunidad y Polic\u00eda trabajan de manera conjunta por un entorno m\u00e1s seguro y participativo.<\/p>\n","protected":false},"excerpt":{"rendered":"<p>La Polic\u00eda Nacional del Ecuador, a trav\u00e9s de la Polic\u00eda Comunitaria del Distrito Zamora, realiz\u00f3 la Feria de Seguridad, un evento interactivo que reuni\u00f3 a autoridades provinciales y cantonales, representantes de instituciones p\u00fablicas y privadas, y estudiantes de varias entidades educativas. La actividad tuvo como prop\u00f3sito acercar a la ciudadan\u00eda a los servicios policiales y [&hellip;]<\/p>\n","protected":false},"author":1,"featured_media":17764,"comment_status":"open","ping_status":"open","sticky":false,"template":"","format":"standard","meta":{"footnotes":""},"categories":[9],"tags":[],"_links":{"self":[{"href":"https:\/\/infozamoraec.com\/index.php\/wp-json\/wp\/v2\/posts\/17763"}],"collection":[{"href":"https:\/\/infozamoraec.com\/index.php\/wp-json\/wp\/v2\/posts"}],"about":[{"href":"https:\/\/infozamoraec.com\/index.php\/wp-json\/wp\/v2\/types\/post"}],"author":[{"embeddable":true,"href":"https:\/\/infozamoraec.com\/index.php\/wp-json\/wp\/v2\/users\/1"}],"replies":[{"embeddable":true,"href":"https:\/\/infozamoraec.com\/index.php\/wp-json\/wp\/v2\/comments?post=17763"}],"version-history":[{"count":1,"href":"https:\/\/infozamoraec.com\/index.php\/wp-json\/wp\/v2\/posts\/17763\/revisions"}],"predecessor-version":[{"id":17765,"href":"https:\/\/infozamoraec.com\/index.php\/wp-json\/wp\/v2\/posts\/17763\/revisions\/17765"}],"wp:featuredmedia":[{"embeddable":true,"href":"https:\/\/infozamoraec.com\/index.php\/wp-json\/wp\/v2\/media\/17764"}],"wp:attachment":[{"href":"https:\/\/infozamoraec.com\/index.php\/wp-json\/wp\/v2\/media?parent=17763"}],"wp:term":[{"taxonomy":"category","embeddable":true,"href":"https:\/\/infozamoraec.com\/index.php\/wp-json\/wp\/v2\/categories?post=17763"},{"taxonomy":"post_tag","embeddable":true,"href":"https:\/\/infozamoraec.com\/index.php\/wp-json\/wp\/v2\/tags?post=17763"}],"curies":[{"name":"wp","href":"https:\/\/api.w.org\/{rel}","templated":true}]}}