{"id":17760,"date":"2025-12-05T01:58:18","date_gmt":"2025-12-05T01:58:18","guid":{"rendered":"https:\/\/infozamoraec.com\/?p=17760"},"modified":"2025-12-05T01:58:18","modified_gmt":"2025-12-05T01:58:18","slug":"sheinbaum-confirma-reunion-con-trump-en-washington","status":"publish","type":"post","link":"https:\/\/infozamoraec.com\/index.php\/2025\/12\/05\/sheinbaum-confirma-reunion-con-trump-en-washington\/","title":{"rendered":"Sheinbaum confirma reuni\u00f3n con Trump en Washington"},"content":{"rendered":"<p>La presidenta de\u00a0<a class=\"internal-link\" href=\"https:\/\/www.dw.com\/es\/m%C3%A9xico\/t-17409380\" target=\"_blank\" rel=\"noopener\">M\u00e9xico<\/a>,\u00a0<a class=\"internal-link\" href=\"https:\/\/www.dw.com\/es\/sheinbaum-claudia\/t-69249825\" target=\"_blank\" rel=\"noopener\">Claudia Sheinbaum<\/a>, anunci\u00f3 este jueves (04.12.2025) que se reunir\u00e1 en Washington por separado con sus pares de Canad\u00e1 y Estados Unidos, Mark Carney y\u00a0<a class=\"internal-link\" href=\"https:\/\/www.dw.com\/es\/donald-trump\/t-19445010\" target=\"_blank\" rel=\"noopener\">Donald Trump<\/a>, respectivamente, antes del sorteo del Mundial de F\u00fatbol de la FIFA 2026 el viernes. La mandataria detall\u00f3 que conversar\u00e1 sobre el comercio entre ambos pa\u00edses con Trump y sostendr\u00e1 \u00abotra\u00bb pl\u00e1tica con Carney.<\/p>\n<p>Sheinbaum confirm\u00f3 que viajar\u00e1 este jueves por la noche a Washington en un avi\u00f3n de la Secretar\u00eda de la Defensa Nacional, ya que debido a los tiempos no podr\u00eda hacer uso de aerol\u00edneas comerciales. Precis\u00f3 que el encuentro con Trump y Carney ocurrir\u00e1 momentos antes del inicio del sorteo del Mundial de F\u00fatbol, del cual M\u00e9xico, Estados Unidos y Canad\u00e1 son coorganizadores.<\/p>\n<p>El sorteo tiene lugar en momentos de tensi\u00f3n entre los tres pa\u00edses socios en el T-MEC debido a las amenazas arancelarias de Trump, que adem\u00e1s dijo el mi\u00e9rcoles 3 de diciembre que posiblemente dejar\u00e1 que expire dicho acuerdo para luego buscar uno nuevo con sus vecinos. En septiembre, los tres pa\u00edses iniciaron una fase de consultas del T-MEC de cara a su revisi\u00f3n en enero pr\u00f3ximo.<\/p>\n<h2>Tratado \u00abmuy importante\u00bb<\/h2>\n<p>Al respecto, la mandataria mexicana indic\u00f3 que el T-MEC \u00abes muy importante para los tres pa\u00edses, es la garant\u00eda de la competitividad de esta regi\u00f3n\u00bb.\u00a0 El mi\u00e9rcoles, Sheinbaum se refiri\u00f3 al sorteo como una oportunidad para mostrar que el pacto comercial entre los anfitriones de la\u00a0<a class=\"internal-link\" href=\"https:\/\/www.dw.com\/es\/copa-mundial-de-la-fifa-2026\/t-74700308\" target=\"_blank\" rel=\"noopener\">Copa del Mundo 2026<\/a>\u00a0\u00absigue adelante\u00bb. Este jueves descart\u00f3 en su habitual conferencia de prensa que \u00abtermina el tratado el pr\u00f3ximo a\u00f1o\u00bb.<\/p>\n<p>Sheinbaum, que asegur\u00f3 que M\u00e9xico \u00abtiene una de las mejores posiciones\u00bb en el mundo frente a los aranceles impuestos por Estados Unidos, tambi\u00e9n revel\u00f3 que, tras su participaci\u00f3n en el sorteo, tendr\u00e1 una reuni\u00f3n con mexicanos que viven en EE.UU. y, la noche del viernes, volver\u00e1 a la Ciudad de M\u00e9xico para encabezar el s\u00e1bado la celebraci\u00f3n del aniversario del inicio de Gobierno del\u00a0<a class=\"internal-link\" href=\"https:\/\/www.dw.com\/es\/morena\/t-70942228\" target=\"_blank\" rel=\"noopener\">Movimiento de Regeneraci\u00f3n Nacional (Morena)<\/a>, en el Z\u00f3calo capitalino.<\/p>\n<p>DZC (EFE, AFP)<\/p>\n","protected":false},"excerpt":{"rendered":"<p>La presidenta de\u00a0M\u00e9xico,\u00a0Claudia Sheinbaum, anunci\u00f3 este jueves (04.12.2025) que se reunir\u00e1 en Washington por separado con sus pares de Canad\u00e1 y Estados Unidos, Mark Carney y\u00a0Donald Trump, respectivamente, antes del sorteo del Mundial de F\u00fatbol de la FIFA 2026 el viernes. La mandataria detall\u00f3 que conversar\u00e1 sobre el comercio entre ambos pa\u00edses con Trump y [&hellip;]<\/p>\n","protected":false},"author":1,"featured_media":17761,"comment_status":"open","ping_status":"open","sticky":false,"template":"","format":"standard","meta":{"footnotes":""},"categories":[8],"tags":[],"_links":{"self":[{"href":"https:\/\/infozamoraec.com\/index.php\/wp-json\/wp\/v2\/posts\/17760"}],"collection":[{"href":"https:\/\/infozamoraec.com\/index.php\/wp-json\/wp\/v2\/posts"}],"about":[{"href":"https:\/\/infozamoraec.com\/index.php\/wp-json\/wp\/v2\/types\/post"}],"author":[{"embeddable":true,"href":"https:\/\/infozamoraec.com\/index.php\/wp-json\/wp\/v2\/users\/1"}],"replies":[{"embeddable":true,"href":"https:\/\/infozamoraec.com\/index.php\/wp-json\/wp\/v2\/comments?post=17760"}],"version-history":[{"count":1,"href":"https:\/\/infozamoraec.com\/index.php\/wp-json\/wp\/v2\/posts\/17760\/revisions"}],"predecessor-version":[{"id":17762,"href":"https:\/\/infozamoraec.com\/index.php\/wp-json\/wp\/v2\/posts\/17760\/revisions\/17762"}],"wp:featuredmedia":[{"embeddable":true,"href":"https:\/\/infozamoraec.com\/index.php\/wp-json\/wp\/v2\/media\/17761"}],"wp:attachment":[{"href":"https:\/\/infozamoraec.com\/index.php\/wp-json\/wp\/v2\/media?parent=17760"}],"wp:term":[{"taxonomy":"category","embeddable":true,"href":"https:\/\/infozamoraec.com\/index.php\/wp-json\/wp\/v2\/categories?post=17760"},{"taxonomy":"post_tag","embeddable":true,"href":"https:\/\/infozamoraec.com\/index.php\/wp-json\/wp\/v2\/tags?post=17760"}],"curies":[{"name":"wp","href":"https:\/\/api.w.org\/{rel}","templated":true}]}}