{"id":17748,"date":"2025-12-05T01:51:32","date_gmt":"2025-12-05T01:51:32","guid":{"rendered":"https:\/\/infozamoraec.com\/?p=17748"},"modified":"2025-12-05T01:51:32","modified_gmt":"2025-12-05T01:51:32","slug":"reimberg-publica-foto-de-carcel-del-encuentro-de-noche-foto-mata-cuento-tengan","status":"publish","type":"post","link":"https:\/\/infozamoraec.com\/index.php\/2025\/12\/05\/reimberg-publica-foto-de-carcel-del-encuentro-de-noche-foto-mata-cuento-tengan\/","title":{"rendered":"Reimberg publica foto de c\u00e1rcel del Encuentro de noche: \u00abFoto mata cuento. Tengan\u00bb"},"content":{"rendered":"<p>Finalmente, el Gobierno de Daniel Noboa expuso una imagen de la c\u00e1rcel de m\u00e1xima seguridad denominada Del Encuentro. Fue el ministro del Interior, John Reimberg, quien public\u00f3 la imagen en su cuenta de la red social X.<\/p>\n<p>\u201cFoto mata cuento. Tengan\u201d, escribi\u00f3 el secretario de Estado. En la imagen se observan los diferentes pabellones desde el aire. La fotograf\u00eda fue captada durante la noche y se visibiliza la iluminaci\u00f3n interior de las diferentes \u00e1reas del centro carcelario.<\/p>\n<p>As\u00ed, la imagen no permite observar detalles ni tampoco el interior de la c\u00e1rcel. Hay que recordar que el Gobierno recibi\u00f3 cr\u00edticas por el traslado de reos en medio de la construcci\u00f3n del centro. De ah\u00ed se desprende la referencia de Reimberg sobre que la fotograf\u00eda \u201cmata cuento\u201d.<\/p>\n<p>De acuerdo con informaci\u00f3n emitida por el Servicio Nacional de Atenci\u00f3n a Personas Privadas de Libertad (SNAI), en la c\u00e1rcel Del Encuentro est\u00e1n recluidos 350 presos. El 3 de diciembre de 2025, la entidad inform\u00f3: \u201cEste centro opera bajo protocolos estrictos de control, seguridad y monitoreo, los cuales se mantienen plenamente vigentes y funcionales\u201d.<\/p>\n<p>El mismo SNAI record\u00f3 que la infraestructura tiene capacidad para 800 personas, y actualmente alberga 350 personas privadas de libertad. \u201cGarantizamos un manejo adecuado y seguro de la poblaci\u00f3n interna\u201d, se asegur\u00f3.<\/p>\n<p>El uso del nuevo centro carcelario se puso en marcha despu\u00e9s de la masacre ocurrida en la C\u00e1rcel de El Oro el pasado 10 de noviembre. Sobre ese hecho hubo an\u00e1lisis forenses que dieron cuenta de que la mayor\u00eda de los fallecidos no presentaban heridas de bala ni cortes visibles; solo uno de los cuerpos mostraba signos de estrangulamiento.<\/p>\n<p>Despu\u00e9s del hecho, y en medio de la campa\u00f1a electoral por la Consulta Popular 2025 impulsada por el Gobierno de Daniel Noboa, se decidi\u00f3 el traslado de presos de alta peligrosidad.<\/p>\n<p>El mismo Noboa expuso a varios de ellos en su cuenta de X. All\u00ed aparecieron alias Invisible, cabecilla de Los Lobos; el exasamble\u00edsta del Partido Social Cristiano, Pablo Muentes; y el mismo expresidente Jorge Glas.<\/p>\n<p>La misma Defensor\u00eda del Pueblo anunci\u00f3 una visita al centro de reclusi\u00f3n para constatar las condiciones en las que estaban los presos. Pero el ministro del Interior, John Reimberg, dijo: \u201cQu\u00edtense de la cabeza que van a ver estas visitas de prensa, que va a ir el defensor del uno, el defensor del Ecuador, el defensor de nadie. Esto es un centro de m\u00e1xima seguridad\u201d.<\/p>\n","protected":false},"excerpt":{"rendered":"<p>Finalmente, el Gobierno de Daniel Noboa expuso una imagen de la c\u00e1rcel de m\u00e1xima seguridad denominada Del Encuentro. Fue el ministro del Interior, John Reimberg, quien public\u00f3 la imagen en su cuenta de la red social X. \u201cFoto mata cuento. Tengan\u201d, escribi\u00f3 el secretario de Estado. En la imagen se observan los diferentes pabellones desde [&hellip;]<\/p>\n","protected":false},"author":1,"featured_media":17749,"comment_status":"open","ping_status":"open","sticky":false,"template":"","format":"standard","meta":{"footnotes":""},"categories":[12],"tags":[],"_links":{"self":[{"href":"https:\/\/infozamoraec.com\/index.php\/wp-json\/wp\/v2\/posts\/17748"}],"collection":[{"href":"https:\/\/infozamoraec.com\/index.php\/wp-json\/wp\/v2\/posts"}],"about":[{"href":"https:\/\/infozamoraec.com\/index.php\/wp-json\/wp\/v2\/types\/post"}],"author":[{"embeddable":true,"href":"https:\/\/infozamoraec.com\/index.php\/wp-json\/wp\/v2\/users\/1"}],"replies":[{"embeddable":true,"href":"https:\/\/infozamoraec.com\/index.php\/wp-json\/wp\/v2\/comments?post=17748"}],"version-history":[{"count":1,"href":"https:\/\/infozamoraec.com\/index.php\/wp-json\/wp\/v2\/posts\/17748\/revisions"}],"predecessor-version":[{"id":17750,"href":"https:\/\/infozamoraec.com\/index.php\/wp-json\/wp\/v2\/posts\/17748\/revisions\/17750"}],"wp:featuredmedia":[{"embeddable":true,"href":"https:\/\/infozamoraec.com\/index.php\/wp-json\/wp\/v2\/media\/17749"}],"wp:attachment":[{"href":"https:\/\/infozamoraec.com\/index.php\/wp-json\/wp\/v2\/media?parent=17748"}],"wp:term":[{"taxonomy":"category","embeddable":true,"href":"https:\/\/infozamoraec.com\/index.php\/wp-json\/wp\/v2\/categories?post=17748"},{"taxonomy":"post_tag","embeddable":true,"href":"https:\/\/infozamoraec.com\/index.php\/wp-json\/wp\/v2\/tags?post=17748"}],"curies":[{"name":"wp","href":"https:\/\/api.w.org\/{rel}","templated":true}]}}