{"id":17745,"date":"2025-12-05T01:49:48","date_gmt":"2025-12-05T01:49:48","guid":{"rendered":"https:\/\/infozamoraec.com\/?p=17745"},"modified":"2025-12-05T01:49:48","modified_gmt":"2025-12-05T01:49:48","slug":"marcela-ya-estaba-afuera-hace-mucho-dice-correa-sobre-la-salida-de-aguinaga-de-la-rc","status":"publish","type":"post","link":"https:\/\/infozamoraec.com\/index.php\/2025\/12\/05\/marcela-ya-estaba-afuera-hace-mucho-dice-correa-sobre-la-salida-de-aguinaga-de-la-rc\/","title":{"rendered":"\u00abMarcela ya estaba afuera hace mucho\u00bb, dice Correa sobre la salida de Agui\u00f1aga de la RC"},"content":{"rendered":"<p>El expresidente de Ecuador y l\u00edder de la Revoluci\u00f3n Ciudadana, Rafael Correa se pronunci\u00f3 sobre la salida de Marcela Agui\u00f1aga del movimiento Revoluci\u00f3n Ciudadana (RC). All\u00ed en su cuenta de X, Correa escribi\u00f3: Marcela ya estaba afuera hace mucho. Lleg\u00f3 la hora del ser o no ser\u00bb.<\/p>\n<p>Marcela Agui\u00f1aga, quien lleg\u00f3 a ser uno de los cuadros m\u00e1s importantes del corre\u00edsmo, inform\u00f3 el 3 de diciembre de 2025 su salida del movimiento Revoluci\u00f3n Ciudadana. El anuncio solo confirm\u00f3 una decisi\u00f3n que un d\u00eda antes ya se ve\u00eda inevitable, tras un desencuentro entre la prefecta del Guayas y el expresidente Rafael Correa.<\/p>\n<p>Tambi\u00e9n, la actual presidenta del corre\u00edsmo, Luisa Gonz\u00e1lez indic\u00f3 en esa misma red social que no hay espacio para los tibios.<\/p>\n<p>En un video colocado en su perfil de X, la actual prefecta del Guayas, Marcela Agui\u00f1aga abandona el movimiento corre\u00edsta Revoluci\u00f3n Ciudadana. Con voz entrecortada agradeci\u00f3 al expresidente Rafael Correa y l\u00edder de ese movimiento y adicionalmente a la militancia de esa tienda pol\u00edtica.<\/p>\n<p>\u00abHoy doy un paso dif\u00edcil y doloroso. Y me he tomado el tiempo necesario para reflexionar en calma por el profundo respeto y cari\u00f1o que le tengo al presidente Rafael Correa y por todo el camino que recorrimos juntos. Por eso el d\u00eda de hoy anuncio mi salida del movimiento Revoluci\u00f3n Ciudadana y proceder\u00e9 en las pr\u00f3ximas horas a hacer el tr\u00e1mite pertinente de desafiliaci\u00f3n\u00ab, se\u00f1al\u00f3 Agui\u00f1aga entre l\u00e1grimas en un video que colg\u00f3 en sus cuentas oficiales.<\/p>\n<p>\u00abHoy el movimiento que ayud\u00e9 a construir decidi\u00f3 despojarme de mi espacio en la Revoluci\u00f3n Ciudadana. Recibo este castigo con serenidad porque s\u00e9 que mi tarea a\u00fan no termina\u00bb, a\u00f1adi\u00f3 la prefecta, que fue l\u00edder nacional del partido antes de que asumiera ese cargo la excandidata presidencial Luisa Gonz\u00e1lez, con quien tambi\u00e9n ha tenido discrepancias.<\/p>\n<p>Dijo que esta decisi\u00f3n la tom\u00f3 tras una profunda reflexi\u00f3n y dijo que el compromiso con la provincia no termina ah\u00ed. (I)<\/p>\n","protected":false},"excerpt":{"rendered":"<p>El expresidente de Ecuador y l\u00edder de la Revoluci\u00f3n Ciudadana, Rafael Correa se pronunci\u00f3 sobre la salida de Marcela Agui\u00f1aga del movimiento Revoluci\u00f3n Ciudadana (RC). All\u00ed en su cuenta de X, Correa escribi\u00f3: Marcela ya estaba afuera hace mucho. Lleg\u00f3 la hora del ser o no ser\u00bb. Marcela Agui\u00f1aga, quien lleg\u00f3 a ser uno de [&hellip;]<\/p>\n","protected":false},"author":1,"featured_media":17746,"comment_status":"open","ping_status":"open","sticky":false,"template":"","format":"standard","meta":{"footnotes":""},"categories":[12],"tags":[],"_links":{"self":[{"href":"https:\/\/infozamoraec.com\/index.php\/wp-json\/wp\/v2\/posts\/17745"}],"collection":[{"href":"https:\/\/infozamoraec.com\/index.php\/wp-json\/wp\/v2\/posts"}],"about":[{"href":"https:\/\/infozamoraec.com\/index.php\/wp-json\/wp\/v2\/types\/post"}],"author":[{"embeddable":true,"href":"https:\/\/infozamoraec.com\/index.php\/wp-json\/wp\/v2\/users\/1"}],"replies":[{"embeddable":true,"href":"https:\/\/infozamoraec.com\/index.php\/wp-json\/wp\/v2\/comments?post=17745"}],"version-history":[{"count":1,"href":"https:\/\/infozamoraec.com\/index.php\/wp-json\/wp\/v2\/posts\/17745\/revisions"}],"predecessor-version":[{"id":17747,"href":"https:\/\/infozamoraec.com\/index.php\/wp-json\/wp\/v2\/posts\/17745\/revisions\/17747"}],"wp:featuredmedia":[{"embeddable":true,"href":"https:\/\/infozamoraec.com\/index.php\/wp-json\/wp\/v2\/media\/17746"}],"wp:attachment":[{"href":"https:\/\/infozamoraec.com\/index.php\/wp-json\/wp\/v2\/media?parent=17745"}],"wp:term":[{"taxonomy":"category","embeddable":true,"href":"https:\/\/infozamoraec.com\/index.php\/wp-json\/wp\/v2\/categories?post=17745"},{"taxonomy":"post_tag","embeddable":true,"href":"https:\/\/infozamoraec.com\/index.php\/wp-json\/wp\/v2\/tags?post=17745"}],"curies":[{"name":"wp","href":"https:\/\/api.w.org\/{rel}","templated":true}]}}