{"id":17739,"date":"2025-12-05T01:45:24","date_gmt":"2025-12-05T01:45:24","guid":{"rendered":"https:\/\/infozamoraec.com\/?p=17739"},"modified":"2025-12-05T01:45:24","modified_gmt":"2025-12-05T01:45:24","slug":"centinela-del-condor-avanza-con-trabajos-de-asfaltado-en-el-barrio-13-de-junio","status":"publish","type":"post","link":"https:\/\/infozamoraec.com\/index.php\/2025\/12\/05\/centinela-del-condor-avanza-con-trabajos-de-asfaltado-en-el-barrio-13-de-junio\/","title":{"rendered":"Centinela del C\u00f3ndor avanza con trabajos de asfaltado en el barrio 13 de Junio"},"content":{"rendered":"<p data-start=\"106\" data-end=\"527\">El GAD Municipal de Centinela del C\u00f3ndor inici\u00f3 los trabajos de imprimaci\u00f3n (riego de asfalto l\u00edquido) en las calles Luis Pardo Torres, Juan Castillo, Tob\u00edas Ocampo y Pasaje 13 de Junio, ubicadas en la ribera derecha de la ciudad de Zumbi, en el acceso a la cabecera cantonal. Estas labores forman parte del proceso de regeneraci\u00f3n urbana que impulsa la municipalidad para mejorar la movilidad y el ornato de este sector.<\/p>\n<p data-start=\"529\" data-end=\"864\">De acuerdo con la instituci\u00f3n, las condiciones clim\u00e1ticas favorables de los \u00faltimos d\u00edas han permitido avanzar en el cronograma previsto, dejando lista la base para la posterior colocaci\u00f3n de la carpeta asf\u00e1ltica. La intervenci\u00f3n beneficiar\u00e1 a m\u00e1s de 40 familias que, por a\u00f1os, han convivido con baches, polvo y dificultades de acceso.<\/p>\n<p data-start=\"866\" data-end=\"1195\">Jorge Illescas, t\u00e9cnico municipal, explic\u00f3 que la imprimaci\u00f3n constituye una fase clave dentro del proceso constructivo, ya que garantiza una correcta adherencia y durabilidad del asfalto. Se\u00f1al\u00f3 adem\u00e1s que el objetivo es asegurar v\u00edas m\u00e1s seguras, limpias y funcionales para los habitantes y quienes transitan por este corredor.<\/p>\n<p data-start=\"1197\" data-end=\"1481\">Los moradores expresaron su satisfacci\u00f3n por los avances. Juan Obando, residente del barrio desde hace dos d\u00e9cadas, destac\u00f3 la importancia de la obra para mejorar la imagen de la zona y las condiciones de ingreso a la ciudad. \u201cEs un cambio\u00a0 positivo para todos, que nos obliga\u00a0 a mejorar a todos los moradores\u201d, manifest\u00f3.<\/p>\n<p data-start=\"1483\" data-end=\"1650\" data-is-last-node=\"\" data-is-only-node=\"\">El municipio reaiter\u00f3 su compromiso con la ejecuci\u00f3n de obras que aporten a la calidad de vida de la ciudadan\u00eda y consoliden una administraci\u00f3n enfocada en resultados.<\/p>\n","protected":false},"excerpt":{"rendered":"<p>El GAD Municipal de Centinela del C\u00f3ndor inici\u00f3 los trabajos de imprimaci\u00f3n (riego de asfalto l\u00edquido) en las calles Luis Pardo Torres, Juan Castillo, Tob\u00edas Ocampo y Pasaje 13 de Junio, ubicadas en la ribera derecha de la ciudad de Zumbi, en el acceso a la cabecera cantonal. Estas labores forman parte del proceso de [&hellip;]<\/p>\n","protected":false},"author":1,"featured_media":17740,"comment_status":"open","ping_status":"open","sticky":false,"template":"","format":"standard","meta":{"footnotes":""},"categories":[9],"tags":[],"_links":{"self":[{"href":"https:\/\/infozamoraec.com\/index.php\/wp-json\/wp\/v2\/posts\/17739"}],"collection":[{"href":"https:\/\/infozamoraec.com\/index.php\/wp-json\/wp\/v2\/posts"}],"about":[{"href":"https:\/\/infozamoraec.com\/index.php\/wp-json\/wp\/v2\/types\/post"}],"author":[{"embeddable":true,"href":"https:\/\/infozamoraec.com\/index.php\/wp-json\/wp\/v2\/users\/1"}],"replies":[{"embeddable":true,"href":"https:\/\/infozamoraec.com\/index.php\/wp-json\/wp\/v2\/comments?post=17739"}],"version-history":[{"count":1,"href":"https:\/\/infozamoraec.com\/index.php\/wp-json\/wp\/v2\/posts\/17739\/revisions"}],"predecessor-version":[{"id":17741,"href":"https:\/\/infozamoraec.com\/index.php\/wp-json\/wp\/v2\/posts\/17739\/revisions\/17741"}],"wp:featuredmedia":[{"embeddable":true,"href":"https:\/\/infozamoraec.com\/index.php\/wp-json\/wp\/v2\/media\/17740"}],"wp:attachment":[{"href":"https:\/\/infozamoraec.com\/index.php\/wp-json\/wp\/v2\/media?parent=17739"}],"wp:term":[{"taxonomy":"category","embeddable":true,"href":"https:\/\/infozamoraec.com\/index.php\/wp-json\/wp\/v2\/categories?post=17739"},{"taxonomy":"post_tag","embeddable":true,"href":"https:\/\/infozamoraec.com\/index.php\/wp-json\/wp\/v2\/tags?post=17739"}],"curies":[{"name":"wp","href":"https:\/\/api.w.org\/{rel}","templated":true}]}}