{"id":17736,"date":"2025-12-05T01:40:50","date_gmt":"2025-12-05T01:40:50","guid":{"rendered":"https:\/\/infozamoraec.com\/?p=17736"},"modified":"2025-12-05T01:40:50","modified_gmt":"2025-12-05T01:40:50","slug":"palanda-socializa-proceso-de-regularizacion-prioritaria-para-posesionarios-de-la-dolorosa-bajo","status":"publish","type":"post","link":"https:\/\/infozamoraec.com\/index.php\/2025\/12\/05\/palanda-socializa-proceso-de-regularizacion-prioritaria-para-posesionarios-de-la-dolorosa-bajo\/","title":{"rendered":"Palanda socializa proceso de regularizaci\u00f3n prioritaria para posesionarios de \u201cLa Dolorosa Bajo\u201d"},"content":{"rendered":"<p data-start=\"102\" data-end=\"536\">La tarde de este jueves 4 de diciembre de 2025, el GAD Municipal de Palanda realiz\u00f3 la socializaci\u00f3n del procedimiento de regularizaci\u00f3n prioritaria dirigido a los posesionarios del asentamiento humano de hecho \u201cLa Dolorosa Bajo\u201d. La actividad tuvo lugar en el Auditorio Municipal a partir de las 16h00 y cont\u00f3 con la presencia del alcalde, Segundo Jaramillo Quezada, concejales, t\u00e9cnicos municipales y moradores del sector.<\/p>\n<p data-start=\"538\" data-end=\"956\">Durante la jornada, el equipo t\u00e9cnico explic\u00f3 los aspectos jur\u00eddicos y administrativos del proceso de regularizaci\u00f3n, el cual se ejecuta en cumplimiento de la normativa nacional sobre asentamientos humanos. Los asistentes conocieron de manera detallada las etapas, requisitos y beneficios del procedimiento, orientado a garantizar seguridad jur\u00eddica a las familias y fortalecer la planificaci\u00f3n territorial del cant\u00f3n.<\/p>\n<p data-start=\"958\" data-end=\"1159\">Las autoridades municipales destacaron que este proceso busca ordenar el crecimiento urbano y brindar a los habitantes de \u201cLa Dolorosa Bajo\u201d condiciones adecuadas para consolidar su tenencia de tierra.<\/p>\n<p data-start=\"1161\" data-end=\"1362\" data-is-last-node=\"\" data-is-only-node=\"\">El GAD Municipal de Palanda reiter\u00f3 su compromiso con un desarrollo territorial planificado y agradeci\u00f3 la participaci\u00f3n de la comunidad en esta jornada informativa considerada clave para su bienestar.<\/p>\n","protected":false},"excerpt":{"rendered":"<p>La tarde de este jueves 4 de diciembre de 2025, el GAD Municipal de Palanda realiz\u00f3 la socializaci\u00f3n del procedimiento de regularizaci\u00f3n prioritaria dirigido a los posesionarios del asentamiento humano de hecho \u201cLa Dolorosa Bajo\u201d. La actividad tuvo lugar en el Auditorio Municipal a partir de las 16h00 y cont\u00f3 con la presencia del alcalde, [&hellip;]<\/p>\n","protected":false},"author":1,"featured_media":17737,"comment_status":"open","ping_status":"open","sticky":false,"template":"","format":"standard","meta":{"footnotes":""},"categories":[9],"tags":[],"_links":{"self":[{"href":"https:\/\/infozamoraec.com\/index.php\/wp-json\/wp\/v2\/posts\/17736"}],"collection":[{"href":"https:\/\/infozamoraec.com\/index.php\/wp-json\/wp\/v2\/posts"}],"about":[{"href":"https:\/\/infozamoraec.com\/index.php\/wp-json\/wp\/v2\/types\/post"}],"author":[{"embeddable":true,"href":"https:\/\/infozamoraec.com\/index.php\/wp-json\/wp\/v2\/users\/1"}],"replies":[{"embeddable":true,"href":"https:\/\/infozamoraec.com\/index.php\/wp-json\/wp\/v2\/comments?post=17736"}],"version-history":[{"count":1,"href":"https:\/\/infozamoraec.com\/index.php\/wp-json\/wp\/v2\/posts\/17736\/revisions"}],"predecessor-version":[{"id":17738,"href":"https:\/\/infozamoraec.com\/index.php\/wp-json\/wp\/v2\/posts\/17736\/revisions\/17738"}],"wp:featuredmedia":[{"embeddable":true,"href":"https:\/\/infozamoraec.com\/index.php\/wp-json\/wp\/v2\/media\/17737"}],"wp:attachment":[{"href":"https:\/\/infozamoraec.com\/index.php\/wp-json\/wp\/v2\/media?parent=17736"}],"wp:term":[{"taxonomy":"category","embeddable":true,"href":"https:\/\/infozamoraec.com\/index.php\/wp-json\/wp\/v2\/categories?post=17736"},{"taxonomy":"post_tag","embeddable":true,"href":"https:\/\/infozamoraec.com\/index.php\/wp-json\/wp\/v2\/tags?post=17736"}],"curies":[{"name":"wp","href":"https:\/\/api.w.org\/{rel}","templated":true}]}}