{"id":17730,"date":"2025-12-05T01:16:15","date_gmt":"2025-12-05T01:16:15","guid":{"rendered":"https:\/\/infozamoraec.com\/?p=17730"},"modified":"2025-12-05T01:16:15","modified_gmt":"2025-12-05T01:16:15","slug":"asambleista-valladarez-alerta-posible-retiro-de-partidas-medicas-en-zamora-chinchipe","status":"publish","type":"post","link":"https:\/\/infozamoraec.com\/index.php\/2025\/12\/05\/asambleista-valladarez-alerta-posible-retiro-de-partidas-medicas-en-zamora-chinchipe\/","title":{"rendered":"Asamble\u00edsta Vallad\u00e1rez  alerta posible retiro de partidas m\u00e9dicas en Zamora Chinchipe"},"content":{"rendered":"<p data-start=\"79\" data-end=\"421\">En las \u00faltimas horas\u00a0 se hizo p\u00fablica una advertencia emitida por el asamble\u00edsta H\u00e9ctor Vall\u00e1darez, respecto\u00a0 a un posible traslado de partidas de nombramiento para m\u00e9dicos desde establecimientos de salud de la provincia de\u00a0 Zamora Chinchipe hacia la ciudad de Loja, decisi\u00f3n que estar\u00eda siendo gestionada por la Coordinaci\u00f3n Zonal 7 de Salud.<\/p>\n<p data-start=\"423\" data-end=\"837\">Seg\u00fan el pronunciamiento, este movimiento implicar\u00eda el retiro de plazas m\u00e9dicas permanentes en un momento en que la provincia enfrenta serias dificultades para garantizar atenci\u00f3n oportuna en sus centros de salud. Vallad\u00e1rez se\u00f1al\u00f3 que Zamora Chinchipe ha sido desatendida durante los \u00faltimos a\u00f1os, por lo que la reducci\u00f3n de personal afectar\u00eda directamente la cobertura en cantones como Zamora, Paquisha y Zumba.<\/p>\n<p data-start=\"839\" data-end=\"1038\">El asamble\u00edsta indic\u00f3 que existen reportes de que varios distritos habr\u00edan dado visto bueno a estos cambios, lo que podr\u00eda dejar sin personal m\u00e9dico a establecimientos que ya operan con limitaciones.<\/p>\n<p data-start=\"1040\" data-end=\"1398\">Ante esta situaci\u00f3n, Vallad\u00e1rez inform\u00f3 que solicit\u00f3 de manera oficial e inmediata al Ministerio de Salud y a la Coordinaci\u00f3n Zonal 7 una explicaci\u00f3n sobre los motivos para retirar recursos humanos asignados a la provincia. Afirm\u00f3 que Zamora Chinchipe \u201cnecesita m\u00e1s m\u00e9dicos, no menos\u201d, e insisti\u00f3 en que defender\u00e1 las partidas que corresponden al territorio.<\/p>\n<p data-start=\"1400\" data-end=\"1547\" data-is-last-node=\"\" data-is-only-node=\"\">El representante legislativo concluy\u00f3 que continuar\u00e1 vigilante sobre cualquier decisi\u00f3n que pueda afectar los servicios sanitarios de la provincia.<\/p>\n","protected":false},"excerpt":{"rendered":"<p>En las \u00faltimas horas\u00a0 se hizo p\u00fablica una advertencia emitida por el asamble\u00edsta H\u00e9ctor Vall\u00e1darez, respecto\u00a0 a un posible traslado de partidas de nombramiento para m\u00e9dicos desde establecimientos de salud de la provincia de\u00a0 Zamora Chinchipe hacia la ciudad de Loja, decisi\u00f3n que estar\u00eda siendo gestionada por la Coordinaci\u00f3n Zonal 7 de Salud. Seg\u00fan el [&hellip;]<\/p>\n","protected":false},"author":1,"featured_media":17731,"comment_status":"open","ping_status":"open","sticky":false,"template":"","format":"standard","meta":{"footnotes":""},"categories":[9],"tags":[],"_links":{"self":[{"href":"https:\/\/infozamoraec.com\/index.php\/wp-json\/wp\/v2\/posts\/17730"}],"collection":[{"href":"https:\/\/infozamoraec.com\/index.php\/wp-json\/wp\/v2\/posts"}],"about":[{"href":"https:\/\/infozamoraec.com\/index.php\/wp-json\/wp\/v2\/types\/post"}],"author":[{"embeddable":true,"href":"https:\/\/infozamoraec.com\/index.php\/wp-json\/wp\/v2\/users\/1"}],"replies":[{"embeddable":true,"href":"https:\/\/infozamoraec.com\/index.php\/wp-json\/wp\/v2\/comments?post=17730"}],"version-history":[{"count":1,"href":"https:\/\/infozamoraec.com\/index.php\/wp-json\/wp\/v2\/posts\/17730\/revisions"}],"predecessor-version":[{"id":17732,"href":"https:\/\/infozamoraec.com\/index.php\/wp-json\/wp\/v2\/posts\/17730\/revisions\/17732"}],"wp:featuredmedia":[{"embeddable":true,"href":"https:\/\/infozamoraec.com\/index.php\/wp-json\/wp\/v2\/media\/17731"}],"wp:attachment":[{"href":"https:\/\/infozamoraec.com\/index.php\/wp-json\/wp\/v2\/media?parent=17730"}],"wp:term":[{"taxonomy":"category","embeddable":true,"href":"https:\/\/infozamoraec.com\/index.php\/wp-json\/wp\/v2\/categories?post=17730"},{"taxonomy":"post_tag","embeddable":true,"href":"https:\/\/infozamoraec.com\/index.php\/wp-json\/wp\/v2\/tags?post=17730"}],"curies":[{"name":"wp","href":"https:\/\/api.w.org\/{rel}","templated":true}]}}