{"id":17716,"date":"2025-12-04T02:03:52","date_gmt":"2025-12-04T02:03:52","guid":{"rendered":"https:\/\/infozamoraec.com\/?p=17716"},"modified":"2025-12-04T02:03:52","modified_gmt":"2025-12-04T02:03:52","slug":"expresidente-de-honduras-agradece-a-trump-por-indulto","status":"publish","type":"post","link":"https:\/\/infozamoraec.com\/index.php\/2025\/12\/04\/expresidente-de-honduras-agradece-a-trump-por-indulto\/","title":{"rendered":"Expresidente de Honduras agradece a Trump por indulto"},"content":{"rendered":"<p>El expresidente de Honduras Juan Orlando Hern\u00e1ndez agradeci\u00f3 este mi\u00e9rcoles (03.12.2025) a Donald Trump por haberle perdonado una condena de 45 a\u00f1os de c\u00e1rcel por narcotr\u00e1fico y dijo que el mandatario estadounidense le \u00abcambi\u00f3 la vida\u00bb.<\/p>\n<p>Trump indult\u00f3 al pol\u00edtico como parte de su intervenci\u00f3n en las elecciones presidenciales hondure\u00f1as del domingo pasado, en las que apoya al derechista Nasry Asfura, abanderado del Partido Nacional, con el que Hern\u00e1ndez gobern\u00f3 entre 2014 y 2022.<\/p>\n<p>\u00abUsted analiz\u00f3 los hechos, reconoci\u00f3 la injusticia y actu\u00f3 con convicci\u00f3n. Me cambi\u00f3 la vida, se\u00f1or, y nunca lo olvidar\u00e9\u00bb, escribi\u00f3 Hern\u00e1ndez desde Estados Unidos en su reaparici\u00f3n en las redes sociales tras salir de una prisi\u00f3n estadounidense el pasado lunes.<\/p>\n<p>Hern\u00e1ndez, quien hab\u00eda solicitado el indulto a Trump en octubre pasado, no tiene previsto por ahora regresar a Honduras o a la pol\u00edtica, pues teme por su vida, seg\u00fan dijo su esposa, Ana Garc\u00eda, en entrevista con la AFP.<\/p>\n<p>Indulto sacudi\u00f3 comicios<br \/>\nEl exgobernante reiter\u00f3 en X que fue v\u00edctima de una \u00abtrampa\u00bb del expresidente dem\u00f3crata Joe Biden y su vicepresidenta, Kamala Harris, para ser acusado de ayudar a introducir cientos de toneladas de drogas a Estados Unidos en un \u00abjuicio ama\u00f1ado\u00bb.<\/p>\n<p>\u00abNo hab\u00eda pruebas reales, solo acusaciones de criminales que buscaban venganza. Sin embargo, la verdad de mi inocencia prevaleci\u00f3\u00bb, sostuvo el abogado de 57 a\u00f1os.<\/p>\n<p>Durante el juicio en Nueva York, un testigo cont\u00f3 que escuch\u00f3 al expresidente jactarse de que iba a \u00abmeter la droga a los gringos en sus propias narices\u00bb y no se iban \u00aba dar ni cuenta\u00bb.<\/p>\n<p>El indulto a Hern\u00e1ndez sacudi\u00f3 los comicios generales hondure\u00f1os, en los que el aspirante apoyado por Trump es aventajado por el presentador de televisi\u00f3n derechista Salvador Nasralla, aunque en empate t\u00e9cnico, tras el escrutinio del 80% de las actas de votaci\u00f3n.<\/p>\n<p>mg (afp, La Tribuna)<\/p>\n","protected":false},"excerpt":{"rendered":"<p>El expresidente de Honduras Juan Orlando Hern\u00e1ndez agradeci\u00f3 este mi\u00e9rcoles (03.12.2025) a Donald Trump por haberle perdonado una condena de 45 a\u00f1os de c\u00e1rcel por narcotr\u00e1fico y dijo que el mandatario estadounidense le \u00abcambi\u00f3 la vida\u00bb. Trump indult\u00f3 al pol\u00edtico como parte de su intervenci\u00f3n en las elecciones presidenciales hondure\u00f1as del domingo pasado, en las [&hellip;]<\/p>\n","protected":false},"author":1,"featured_media":17717,"comment_status":"open","ping_status":"open","sticky":false,"template":"","format":"standard","meta":{"footnotes":""},"categories":[8],"tags":[],"_links":{"self":[{"href":"https:\/\/infozamoraec.com\/index.php\/wp-json\/wp\/v2\/posts\/17716"}],"collection":[{"href":"https:\/\/infozamoraec.com\/index.php\/wp-json\/wp\/v2\/posts"}],"about":[{"href":"https:\/\/infozamoraec.com\/index.php\/wp-json\/wp\/v2\/types\/post"}],"author":[{"embeddable":true,"href":"https:\/\/infozamoraec.com\/index.php\/wp-json\/wp\/v2\/users\/1"}],"replies":[{"embeddable":true,"href":"https:\/\/infozamoraec.com\/index.php\/wp-json\/wp\/v2\/comments?post=17716"}],"version-history":[{"count":1,"href":"https:\/\/infozamoraec.com\/index.php\/wp-json\/wp\/v2\/posts\/17716\/revisions"}],"predecessor-version":[{"id":17718,"href":"https:\/\/infozamoraec.com\/index.php\/wp-json\/wp\/v2\/posts\/17716\/revisions\/17718"}],"wp:featuredmedia":[{"embeddable":true,"href":"https:\/\/infozamoraec.com\/index.php\/wp-json\/wp\/v2\/media\/17717"}],"wp:attachment":[{"href":"https:\/\/infozamoraec.com\/index.php\/wp-json\/wp\/v2\/media?parent=17716"}],"wp:term":[{"taxonomy":"category","embeddable":true,"href":"https:\/\/infozamoraec.com\/index.php\/wp-json\/wp\/v2\/categories?post=17716"},{"taxonomy":"post_tag","embeddable":true,"href":"https:\/\/infozamoraec.com\/index.php\/wp-json\/wp\/v2\/tags?post=17716"}],"curies":[{"name":"wp","href":"https:\/\/api.w.org\/{rel}","templated":true}]}}