{"id":17713,"date":"2025-12-04T02:02:19","date_gmt":"2025-12-04T02:02:19","guid":{"rendered":"https:\/\/infozamoraec.com\/?p=17713"},"modified":"2025-12-04T02:02:19","modified_gmt":"2025-12-04T02:02:19","slug":"unase-pasara-a-ser-direccion-nacional-desde-el-1-de-enero-anuncia-ministro-del-interior","status":"publish","type":"post","link":"https:\/\/infozamoraec.com\/index.php\/2025\/12\/04\/unase-pasara-a-ser-direccion-nacional-desde-el-1-de-enero-anuncia-ministro-del-interior\/","title":{"rendered":"Unase pasar\u00e1 a ser Direcci\u00f3n Nacional desde el 1 de enero, anuncia ministro del Interior"},"content":{"rendered":"<p>El ministro del Interior, Jhon Reimberg, anunci\u00f3 el funcionamiento de la Unidad Antisecuestros y Extorsi\u00f3n (UNASE) como una Direcci\u00f3n Nacional a partir del 1 de enero.<\/p>\n<p>Este cambio, anticipado hace meses, implica un incremento en el personal policial y un presupuesto significativamente mayor, enfocado exclusivamente en combatir los delitos de extorsi\u00f3n y secuestro.<\/p>\n<p>Reimberg enfatiz\u00f3 en una entrevista en TC Televisi\u00f3n que esta decisi\u00f3n refuerza el compromiso del Gobierno y del bloque de seguridad para intensificar las operaciones contra el crimen organizado en el pa\u00eds.<\/p>\n<p>La decisi\u00f3n de convertir la Unase\u2014creada en 1994 y parte de la Dinased\u2014 en una Direcci\u00f3n Nacional responde a un compromiso del Gobierno por intensificar la lucha contra el crimen organizado, principalmente actuar ante el incremento de extorsiones y secuestros en el pa\u00eds.<\/p>\n<p>En septiembre de este a\u00f1o, Mario Centeno, jefe nacional de la Unidad Antisecuestro y Extorsi\u00f3n (Unase), se\u00f1al\u00f3 que un 80 % de los casos de secuestros y extorsi\u00f3n se generan en Guayas y por tal raz\u00f3n los esfuerzos operativos y administrativos e inteligencia se encuentran en esta provincia. \u201cParte de los esfuerzos que se est\u00e1n realizando como Estado es fortalecer la capacidad operativa de la Unase\u201d, expres\u00f3.<\/p>\n<p>El ministro Reimberg enfatiz\u00f3 adem\u00e1s que este esfuerzo se ver\u00e1 reflejado en el territorio, con operaciones m\u00e1s contundentes e intensas durante diciembre, buscando cerrar el a\u00f1o con resultados tangibles.<\/p>\n<p>Por ello, Reimberg adelant\u00f3 que se ejecutar\u00e1n importantes operativos a favor de la seguridad.<\/p>\n<p>Ofensiva de diciembre y objetivos de alto valor para la C\u00e1rcel del Encuentro<br \/>\nEn el marco de esta ofensiva final de 2025, el ministro asegur\u00f3 que se incrementar\u00e1 el n\u00famero de operativos y detenidos, apuntando a miembros y cabecillas de grupos delictivos.<\/p>\n<p>De hecho, advirti\u00f3 que muchos de estos criminales pasar\u00e1n las fiestas de Navidad y Fin de A\u00f1o en la C\u00e1rcel del Encuentro. Esta medida aplica para objetivos de alto y mediano valor, incluyendo a sicarios que atentan contra la vida de los ciudadanos.<\/p>\n<p>El titular del Interior fue enf\u00e1tico al se\u00f1alar que, una vez capturados, los sicarios y delincuentes de alto perfil ir\u00e1n directamente a este centro penitenciario, sin importar el lugar de su detenci\u00f3n en el pa\u00eds.<\/p>\n<p>Asimismo, el Ministro destac\u00f3 el volumen de actividad policial del 2025, indicando que se han realizado m\u00e1s de 1,4 millones de operativos en lo que va del a\u00f1o. En un lapso de dos a\u00f1os, la incautaci\u00f3n de droga ha superado las 515 toneladas.<\/p>\n<p>Estrategia contra bandas<br \/>\nReimberg tambi\u00e9n abord\u00f3 la reacci\u00f3n de las estructuras criminales ante los golpes de la autoridad. Por ejemplo, se\u00f1al\u00f3 que, tras las incautaciones de droga, los grupos delictivos suelen asesinar a los encargados de custodiar el cargamento, eliminando responsabilidades internas.<\/p>\n<p>Del mismo modo, los criminales matan a quienes identifican como \u2018radares\u2019: personas que vigilan los barrios (a menudo en tricimotos) para alertar sobre la presencia de la Polic\u00eda o Fuerzas Armadas, indic\u00f3 Reimberg.<\/p>\n<p>El funcionario calific\u00f3 el 2025 como el a\u00f1o de mayor afectaci\u00f3n a las econom\u00edas criminales y de captura de cabecillas hist\u00f3ricos como Fito, Fede, Topo y Pipo.<\/p>\n<p>El ministro mencion\u00f3 la actual disputa interna en la estructura de Los Lobos tras la ca\u00edda de su cabecilla y financista.<\/p>\n<p>Adem\u00e1s, destac\u00f3 el golpe econ\u00f3mico de m\u00e1s de $300 millones a estructuras como Los Choneros y Los Lobos, confiscando compa\u00f1\u00edas utilizadas para el desv\u00edo de dinero.<\/p>\n<p>Extradici\u00f3n de alias \u2018Pipo\u2019<br \/>\nSobre la extradici\u00f3n de alias Pipo, detenido en Espa\u00f1a, Reimberg reiter\u00f3 que existe una alta probabilidad de que sea entregado a Ecuador o a Estados Unidos, pa\u00eds que lo ha catalogado, junto a Los Lobos y Los Choneros, como grupos terroristas.<\/p>\n<p>El Ministro list\u00f3 los m\u00faltiples delitos por los que \u00abPipo\u00bb es requerido en EE.UU., incluyendo m\u00e1s de 400 muertes y ser parte principal del C\u00e1rtel Nueva Generaci\u00f3n de M\u00e9xico. En estos dos a\u00f1os, Ecuador ha capturado a 31 objetivos de alto valor.<\/p>\n","protected":false},"excerpt":{"rendered":"<p>El ministro del Interior, Jhon Reimberg, anunci\u00f3 el funcionamiento de la Unidad Antisecuestros y Extorsi\u00f3n (UNASE) como una Direcci\u00f3n Nacional a partir del 1 de enero. Este cambio, anticipado hace meses, implica un incremento en el personal policial y un presupuesto significativamente mayor, enfocado exclusivamente en combatir los delitos de extorsi\u00f3n y secuestro. Reimberg enfatiz\u00f3 [&hellip;]<\/p>\n","protected":false},"author":1,"featured_media":17714,"comment_status":"open","ping_status":"open","sticky":false,"template":"","format":"standard","meta":{"footnotes":""},"categories":[12],"tags":[],"_links":{"self":[{"href":"https:\/\/infozamoraec.com\/index.php\/wp-json\/wp\/v2\/posts\/17713"}],"collection":[{"href":"https:\/\/infozamoraec.com\/index.php\/wp-json\/wp\/v2\/posts"}],"about":[{"href":"https:\/\/infozamoraec.com\/index.php\/wp-json\/wp\/v2\/types\/post"}],"author":[{"embeddable":true,"href":"https:\/\/infozamoraec.com\/index.php\/wp-json\/wp\/v2\/users\/1"}],"replies":[{"embeddable":true,"href":"https:\/\/infozamoraec.com\/index.php\/wp-json\/wp\/v2\/comments?post=17713"}],"version-history":[{"count":1,"href":"https:\/\/infozamoraec.com\/index.php\/wp-json\/wp\/v2\/posts\/17713\/revisions"}],"predecessor-version":[{"id":17715,"href":"https:\/\/infozamoraec.com\/index.php\/wp-json\/wp\/v2\/posts\/17713\/revisions\/17715"}],"wp:featuredmedia":[{"embeddable":true,"href":"https:\/\/infozamoraec.com\/index.php\/wp-json\/wp\/v2\/media\/17714"}],"wp:attachment":[{"href":"https:\/\/infozamoraec.com\/index.php\/wp-json\/wp\/v2\/media?parent=17713"}],"wp:term":[{"taxonomy":"category","embeddable":true,"href":"https:\/\/infozamoraec.com\/index.php\/wp-json\/wp\/v2\/categories?post=17713"},{"taxonomy":"post_tag","embeddable":true,"href":"https:\/\/infozamoraec.com\/index.php\/wp-json\/wp\/v2\/tags?post=17713"}],"curies":[{"name":"wp","href":"https:\/\/api.w.org\/{rel}","templated":true}]}}