{"id":17707,"date":"2025-12-04T01:59:06","date_gmt":"2025-12-04T01:59:06","guid":{"rendered":"https:\/\/infozamoraec.com\/?p=17707"},"modified":"2025-12-04T01:59:06","modified_gmt":"2025-12-04T01:59:06","slug":"noboa-inaugurara-nueva-embajada-en-los-emiratos-arabes-y-ratificara-inversiones","status":"publish","type":"post","link":"https:\/\/infozamoraec.com\/index.php\/2025\/12\/04\/noboa-inaugurara-nueva-embajada-en-los-emiratos-arabes-y-ratificara-inversiones\/","title":{"rendered":"Noboa inaugurar\u00e1 nueva embajada en los Emiratos \u00c1rabes y ratificar\u00e1 inversiones"},"content":{"rendered":"<p>Seg\u00fan inform\u00f3 la presidencia de la Rep\u00fablica, una de las actividades principales que cumplir\u00e1 el presidente Daniel Noboa en su visita oficial a Emiratos \u00c1rabes Unidos, que se inicia este mi\u00e9rcoles, 3 de diciembre es la apertura oficial de la Embajada de Ecuador en ese pa\u00eds, la cual fue anunciada en su gira anterior, en mayo pasado. Adem\u00e1s de buscar nuevas inversiones para el pa\u00eds.<\/p>\n<p>Esto lo confirm\u00f3 la canciller Gabriela Sommerfeld, quien estuvo ayer en una sesi\u00f3n especial del Consejo de Participaci\u00f3n Ciudadana por las fiestas de Quito.<\/p>\n<p>\u201cEste ser\u00e1 un espacio para los ecuatorianos, para defender los intereses de los ecuatorianos, pero tambi\u00e9n para atraer la inversi\u00f3n, fortalecer el comercio y afianzar las relaciones bilaterales\u201d, dijo la funcionaria.<\/p>\n<p>Sommerfeld adem\u00e1s destac\u00f3 la invitaci\u00f3n de las principales autoridades de Emiratos \u00c1rabes Unidos para revisar los avances de los acuerdos realizados en mayo en temas econ\u00f3micos, comerciales, energ\u00e9ticos y otros. \u201cTenemos una agenda bastante rica\u201d, dijo.<\/p>\n<p>Asimismo, est\u00e1 prevista la apertura de la Casa Ecuador, que es una plataforma cultural, deportiva y gastron\u00f3mica que proyecta la identidad nacional en escenarios internacionales. Su primera edici\u00f3n en Par\u00eds 2024 recibi\u00f3 m\u00e1s de 3.000 visitantes diarios, mientras que en Madrid 2025 se consolid\u00f3 como la Embajada de la Naturaleza, seg\u00fan rese\u00f1an publicaciones oficiales.<\/p>\n<p>Luego de pasar por Emiratos \u00c1rabes Unidos, Noboa ir\u00e1 a Espa\u00f1a y a Noruega donde acompa\u00f1ar\u00e1 a Mar\u00eda Corina Machado a su entrega del Nobel de la Paz. (I)<\/p>\n","protected":false},"excerpt":{"rendered":"<p>Seg\u00fan inform\u00f3 la presidencia de la Rep\u00fablica, una de las actividades principales que cumplir\u00e1 el presidente Daniel Noboa en su visita oficial a Emiratos \u00c1rabes Unidos, que se inicia este mi\u00e9rcoles, 3 de diciembre es la apertura oficial de la Embajada de Ecuador en ese pa\u00eds, la cual fue anunciada en su gira anterior, en [&hellip;]<\/p>\n","protected":false},"author":1,"featured_media":17708,"comment_status":"open","ping_status":"open","sticky":false,"template":"","format":"standard","meta":{"footnotes":""},"categories":[12],"tags":[],"_links":{"self":[{"href":"https:\/\/infozamoraec.com\/index.php\/wp-json\/wp\/v2\/posts\/17707"}],"collection":[{"href":"https:\/\/infozamoraec.com\/index.php\/wp-json\/wp\/v2\/posts"}],"about":[{"href":"https:\/\/infozamoraec.com\/index.php\/wp-json\/wp\/v2\/types\/post"}],"author":[{"embeddable":true,"href":"https:\/\/infozamoraec.com\/index.php\/wp-json\/wp\/v2\/users\/1"}],"replies":[{"embeddable":true,"href":"https:\/\/infozamoraec.com\/index.php\/wp-json\/wp\/v2\/comments?post=17707"}],"version-history":[{"count":1,"href":"https:\/\/infozamoraec.com\/index.php\/wp-json\/wp\/v2\/posts\/17707\/revisions"}],"predecessor-version":[{"id":17709,"href":"https:\/\/infozamoraec.com\/index.php\/wp-json\/wp\/v2\/posts\/17707\/revisions\/17709"}],"wp:featuredmedia":[{"embeddable":true,"href":"https:\/\/infozamoraec.com\/index.php\/wp-json\/wp\/v2\/media\/17708"}],"wp:attachment":[{"href":"https:\/\/infozamoraec.com\/index.php\/wp-json\/wp\/v2\/media?parent=17707"}],"wp:term":[{"taxonomy":"category","embeddable":true,"href":"https:\/\/infozamoraec.com\/index.php\/wp-json\/wp\/v2\/categories?post=17707"},{"taxonomy":"post_tag","embeddable":true,"href":"https:\/\/infozamoraec.com\/index.php\/wp-json\/wp\/v2\/tags?post=17707"}],"curies":[{"name":"wp","href":"https:\/\/api.w.org\/{rel}","templated":true}]}}