{"id":17704,"date":"2025-12-04T01:56:59","date_gmt":"2025-12-04T01:56:59","guid":{"rendered":"https:\/\/infozamoraec.com\/?p=17704"},"modified":"2025-12-04T01:56:59","modified_gmt":"2025-12-04T01:56:59","slug":"marcela-aguinaga-oficializa-salida-de-la-revolucion-ciudadana","status":"publish","type":"post","link":"https:\/\/infozamoraec.com\/index.php\/2025\/12\/04\/marcela-aguinaga-oficializa-salida-de-la-revolucion-ciudadana\/","title":{"rendered":"Marcela Agui\u00f1aga oficializa salida de la Revoluci\u00f3n Ciudadana"},"content":{"rendered":"<p>En un video colocado en su perfil de X, la actual prefecta del Guayas, Marcela Agui\u00f1aga abandona el movimiento corre\u00edsta Revoluci\u00f3n Ciudadana. Con voz entrecortada agradeci\u00f3 al expresidente Rafael Correa y l\u00edder de ese movimiento y adicionalmente a la militancia de esa tienda pol\u00edtica.<\/p>\n<p>Sin embargo dijo que fue \u00abcastigada\u00bb con la \u00abseparaci\u00f3n del movimiento que hab\u00eda ayudado a construir y que le han despojado de su espacio en la Revoluci\u00f3n Ciudadana\u00bb, expres\u00f3.<\/p>\n<p>Dijo que esta decisi\u00f3n la tom\u00f3 tras una profunda reflexi\u00f3n y dijo que el compromiso con la provincia no termina ah\u00ed.<\/p>\n<p>Fricci\u00f3n entre Correa y Agui\u00f1aga<br \/>\nEn su cuenta de X, el expresidente Rafael Correa y l\u00edder del movimiento, Revoluci\u00f3n Ciudadana, reaccion\u00f3 a un post del medio Radio Pichincha af\u00edn al corre\u00edsmo que destacaba la reacci\u00f3n de la prefecta de Guayas, Marcela Agui\u00f1aga sobre dejar el movimiento corre\u00edsta. Correa expres\u00f3:<\/p>\n<p>\u00abEsa decisi\u00f3n nostros ya la tomamos\u00bb, indicando la expulsi\u00f3n de Agui\u00f1aga del movimiento.<\/p>\n<p>En el espacio de Teleamazonas \u2018De lunes a lunes\u2019 la prefecta del Guayas, Marcela Agui\u00f1aga indic\u00f3 que se es\u00e1 pensando en salir del movimiento corre\u00edsta Revoluci\u00f3n Ciudadana. \u00abLo estoy pensando, por supuesto\u00bb, dijo Agui\u00f1aga.<\/p>\n<p>Tras esto, el expresidente Rafael Correa y l\u00edder del movimiento expres\u00f3: \u00abMarcela querida: Eres demasiado importante y sabia para la actual RC5. Anda nom\u00e1s a dialogar con Noboa, nosotros NO lo haremos\u00bb, escribi\u00f3 en X. (I)<\/p>\n","protected":false},"excerpt":{"rendered":"<p>En un video colocado en su perfil de X, la actual prefecta del Guayas, Marcela Agui\u00f1aga abandona el movimiento corre\u00edsta Revoluci\u00f3n Ciudadana. Con voz entrecortada agradeci\u00f3 al expresidente Rafael Correa y l\u00edder de ese movimiento y adicionalmente a la militancia de esa tienda pol\u00edtica. Sin embargo dijo que fue \u00abcastigada\u00bb con la \u00abseparaci\u00f3n del movimiento [&hellip;]<\/p>\n","protected":false},"author":1,"featured_media":17705,"comment_status":"open","ping_status":"open","sticky":false,"template":"","format":"standard","meta":{"footnotes":""},"categories":[12],"tags":[],"_links":{"self":[{"href":"https:\/\/infozamoraec.com\/index.php\/wp-json\/wp\/v2\/posts\/17704"}],"collection":[{"href":"https:\/\/infozamoraec.com\/index.php\/wp-json\/wp\/v2\/posts"}],"about":[{"href":"https:\/\/infozamoraec.com\/index.php\/wp-json\/wp\/v2\/types\/post"}],"author":[{"embeddable":true,"href":"https:\/\/infozamoraec.com\/index.php\/wp-json\/wp\/v2\/users\/1"}],"replies":[{"embeddable":true,"href":"https:\/\/infozamoraec.com\/index.php\/wp-json\/wp\/v2\/comments?post=17704"}],"version-history":[{"count":1,"href":"https:\/\/infozamoraec.com\/index.php\/wp-json\/wp\/v2\/posts\/17704\/revisions"}],"predecessor-version":[{"id":17706,"href":"https:\/\/infozamoraec.com\/index.php\/wp-json\/wp\/v2\/posts\/17704\/revisions\/17706"}],"wp:featuredmedia":[{"embeddable":true,"href":"https:\/\/infozamoraec.com\/index.php\/wp-json\/wp\/v2\/media\/17705"}],"wp:attachment":[{"href":"https:\/\/infozamoraec.com\/index.php\/wp-json\/wp\/v2\/media?parent=17704"}],"wp:term":[{"taxonomy":"category","embeddable":true,"href":"https:\/\/infozamoraec.com\/index.php\/wp-json\/wp\/v2\/categories?post=17704"},{"taxonomy":"post_tag","embeddable":true,"href":"https:\/\/infozamoraec.com\/index.php\/wp-json\/wp\/v2\/tags?post=17704"}],"curies":[{"name":"wp","href":"https:\/\/api.w.org\/{rel}","templated":true}]}}