{"id":17700,"date":"2025-12-04T01:53:08","date_gmt":"2025-12-04T01:53:08","guid":{"rendered":"https:\/\/infozamoraec.com\/?p=17700"},"modified":"2025-12-04T01:53:08","modified_gmt":"2025-12-04T01:53:08","slug":"precisagro-impulsa-la-innovacion-agricola-en-ecuador-con-congreso-tecnico-y-celebracion-de-su-tercer-aniversario","status":"publish","type":"post","link":"https:\/\/infozamoraec.com\/index.php\/2025\/12\/04\/precisagro-impulsa-la-innovacion-agricola-en-ecuador-con-congreso-tecnico-y-celebracion-de-su-tercer-aniversario\/","title":{"rendered":"PRECISAGRO\u00ae impulsa la innovaci\u00f3n agr\u00edcola en Ecuador con congreso t\u00e9cnico y celebraci\u00f3n de su tercer aniversario"},"content":{"rendered":"<p data-start=\"119\" data-end=\"503\">Con el objetivo de fortalecer el desarrollo sostenible y competitivo del agro ecuatoriano, PRECISAGRO\u00ae realiz\u00f3 el congreso <strong data-start=\"273\" data-end=\"333\">\u201cTecnolog\u00eda e Innovaci\u00f3n para la Agricultura del Ma\u00f1ana\u201d<\/strong>, un encuentro que reuni\u00f3 a m\u00e1s de 300 productores, aliados estrat\u00e9gicos y expertos internacionales en Quito y Guayaquil, en el marco de su tercer aniversario en el pa\u00eds.<\/p>\n<p data-start=\"505\" data-end=\"970\">Durante las jornadas, los asistentes participaron en charlas t\u00e9cnicas, demostraciones y ponencias enfocadas en el uso eficiente de nutrientes, el fortalecimiento de suelos, pr\u00e1cticas de agricultura sostenible y herramientas digitales para mejorar la toma de decisiones en el campo. El evento se consolid\u00f3 como un espacio de transferencia de conocimiento, orientado a optimizar recursos y fomentar una producci\u00f3n agr\u00edcola m\u00e1s eficiente y responsable con el ambiente.<\/p>\n<p data-start=\"972\" data-end=\"1226\">El programa cont\u00f3 con especialistas de <strong data-start=\"1011\" data-end=\"1026\">PRECISAGRO\u00ae<\/strong>, <strong data-start=\"1028\" data-end=\"1038\">Mosaic<\/strong> y <strong data-start=\"1041\" data-end=\"1049\">KOCH<\/strong>, quienes compartieron informaci\u00f3n actualizada sobre nutrici\u00f3n vegetal, manejo de cultivos y tendencias globales del sector. Entre los principales temas analizados destacaron:<\/p>\n<ul data-start=\"1227\" data-end=\"1443\">\n<li data-start=\"1227\" data-end=\"1258\">\n<p data-start=\"1229\" data-end=\"1258\">Uso eficiente de nutrientes<\/p>\n<\/li>\n<li data-start=\"1259\" data-end=\"1300\">\n<p data-start=\"1261\" data-end=\"1300\">Agricultura sostenible desde el suelo<\/p>\n<\/li>\n<li data-start=\"1301\" data-end=\"1348\">\n<p data-start=\"1303\" data-end=\"1348\">Estrategias naturales para suelos m\u00e1s vivos<\/p>\n<\/li>\n<li data-start=\"1349\" data-end=\"1404\">\n<p data-start=\"1351\" data-end=\"1404\">Mayor disponibilidad de nitr\u00f3geno para los cultivos<\/p>\n<\/li>\n<li data-start=\"1405\" data-end=\"1443\">\n<p data-start=\"1407\" data-end=\"1443\">Soluciones digitales <strong data-start=\"1428\" data-end=\"1443\">AgritecGEO\u00ae<\/strong><\/p>\n<\/li>\n<\/ul>\n<p data-start=\"1445\" data-end=\"1700\">Durante el evento se resalt\u00f3 que Ecuador es el pa\u00eds m\u00e1s joven dentro de la corporaci\u00f3n PRECISAGRO\u00ae, y que en apenas tres a\u00f1os ha logrado una importante consolidaci\u00f3n en el mercado, impulsada por la aceptaci\u00f3n y compromiso de los agricultores ecuatorianos.<\/p>\n<p data-start=\"1702\" data-end=\"2108\">Cristian Lara, <em data-start=\"1717\" data-end=\"1734\">Country Manager<\/em> de PRECISAGRO\u00ae Ecuador, destac\u00f3 la relevancia de la innovaci\u00f3n en el sector:<br data-start=\"1811\" data-end=\"1814\" \/><em data-start=\"1814\" data-end=\"2108\">\u201cEn PRECISAGRO\u00ae creemos firmemente que la innovaci\u00f3n comienza con el conocimiento. No vendemos productos, sino soluciones integrales que fortalecen al sector agr\u00edcola. Nuestro compromiso es acompa\u00f1ar al productor con herramientas que mejoren su rentabilidad, sostenibilidad y competitividad.\u201d<\/em><\/p>\n<p data-start=\"2110\" data-end=\"2452\">Por su parte, Jos\u00e9 Miguel Victorio, <em data-start=\"2146\" data-end=\"2188\">Product Manager de Nutrici\u00f3n de Cultivos<\/em>, resalt\u00f3 la importancia t\u00e9cnica del encuentro:<br data-start=\"2235\" data-end=\"2238\" \/><em data-start=\"2238\" data-end=\"2452\">\u201cLa agricultura del ma\u00f1ana exige ciencia y tecnolog\u00eda. Nuestro enfoque es optimizar cada etapa del cultivo, desde el suelo hasta la cosecha, para impulsar la productividad y sostenibilidad del campo ecuatoriano.\u201d<\/em><\/p>\n","protected":false},"excerpt":{"rendered":"<p>Con el objetivo de fortalecer el desarrollo sostenible y competitivo del agro ecuatoriano, PRECISAGRO\u00ae realiz\u00f3 el congreso \u201cTecnolog\u00eda e Innovaci\u00f3n para la Agricultura del Ma\u00f1ana\u201d, un encuentro que reuni\u00f3 a m\u00e1s de 300 productores, aliados estrat\u00e9gicos y expertos internacionales en Quito y Guayaquil, en el marco de su tercer aniversario en el pa\u00eds. Durante las [&hellip;]<\/p>\n","protected":false},"author":1,"featured_media":17701,"comment_status":"open","ping_status":"open","sticky":false,"template":"","format":"standard","meta":{"footnotes":""},"categories":[12],"tags":[],"_links":{"self":[{"href":"https:\/\/infozamoraec.com\/index.php\/wp-json\/wp\/v2\/posts\/17700"}],"collection":[{"href":"https:\/\/infozamoraec.com\/index.php\/wp-json\/wp\/v2\/posts"}],"about":[{"href":"https:\/\/infozamoraec.com\/index.php\/wp-json\/wp\/v2\/types\/post"}],"author":[{"embeddable":true,"href":"https:\/\/infozamoraec.com\/index.php\/wp-json\/wp\/v2\/users\/1"}],"replies":[{"embeddable":true,"href":"https:\/\/infozamoraec.com\/index.php\/wp-json\/wp\/v2\/comments?post=17700"}],"version-history":[{"count":2,"href":"https:\/\/infozamoraec.com\/index.php\/wp-json\/wp\/v2\/posts\/17700\/revisions"}],"predecessor-version":[{"id":17703,"href":"https:\/\/infozamoraec.com\/index.php\/wp-json\/wp\/v2\/posts\/17700\/revisions\/17703"}],"wp:featuredmedia":[{"embeddable":true,"href":"https:\/\/infozamoraec.com\/index.php\/wp-json\/wp\/v2\/media\/17701"}],"wp:attachment":[{"href":"https:\/\/infozamoraec.com\/index.php\/wp-json\/wp\/v2\/media?parent=17700"}],"wp:term":[{"taxonomy":"category","embeddable":true,"href":"https:\/\/infozamoraec.com\/index.php\/wp-json\/wp\/v2\/categories?post=17700"},{"taxonomy":"post_tag","embeddable":true,"href":"https:\/\/infozamoraec.com\/index.php\/wp-json\/wp\/v2\/tags?post=17700"}],"curies":[{"name":"wp","href":"https:\/\/api.w.org\/{rel}","templated":true}]}}