{"id":17696,"date":"2025-12-04T01:49:46","date_gmt":"2025-12-04T01:49:46","guid":{"rendered":"https:\/\/infozamoraec.com\/?p=17696"},"modified":"2025-12-04T01:49:46","modified_gmt":"2025-12-04T01:49:46","slug":"policia-nacional-impulsa-campana-de-concientizacion-para-prevenir-siniestros-de-transito-por-alcohol","status":"publish","type":"post","link":"https:\/\/infozamoraec.com\/index.php\/2025\/12\/04\/policia-nacional-impulsa-campana-de-concientizacion-para-prevenir-siniestros-de-transito-por-alcohol\/","title":{"rendered":"Polic\u00eda Nacional impulsa campa\u00f1a de concientizaci\u00f3n para prevenir siniestros de tr\u00e1nsito por alcohol"},"content":{"rendered":"<p data-start=\"106\" data-end=\"503\">La Polic\u00eda Nacional del Ecuador, a trav\u00e9s de la <strong data-start=\"154\" data-end=\"217\">Jefatura Provincial de Control de Tr\u00e1nsito y Seguridad Vial<\/strong>, en coordinaci\u00f3n con <strong data-start=\"239\" data-end=\"256\">SIAT Tr\u00e1nsito<\/strong> y la <strong data-start=\"262\" data-end=\"277\">Gobernaci\u00f3n<\/strong>, desarroll\u00f3 este mi\u00e9rcoles <strong data-start=\"305\" data-end=\"331\">3 de diciembre de 2025<\/strong>, a las <strong data-start=\"339\" data-end=\"348\">10h00<\/strong>, la primera fase de una campa\u00f1a de concientizaci\u00f3n orientada a prevenir siniestros de tr\u00e1nsito ocasionados por la conducci\u00f3n bajo los efectos del alcohol.<\/p>\n<p data-start=\"505\" data-end=\"806\">La actividad, ejecutada en un espacio p\u00fablico, incluy\u00f3 la grabaci\u00f3n de un <strong data-start=\"579\" data-end=\"613\">video informativo y preventivo<\/strong>, cuyo objetivo es sensibilizar a la ciudadan\u00eda sobre los peligros, riesgos y consecuencias que implica manejar en estado et\u00edlico, una de las principales causas de accidentes viales en el pa\u00eds.<\/p>\n<p data-start=\"808\" data-end=\"1020\">Mediante esta campa\u00f1a, la instituci\u00f3n busca fortalecer la corresponsabilidad ciudadana y promover h\u00e1bitos de conducci\u00f3n segura, especialmente en fechas festivas donde suelen incrementarse este tipo de incidentes.<\/p>\n<p data-start=\"1022\" data-end=\"1255\" data-is-last-node=\"\" data-is-only-node=\"\">La Polic\u00eda Nacional reafirm\u00f3 su compromiso con la <strong data-start=\"1072\" data-end=\"1090\">seguridad vial<\/strong>, indicando que continuar\u00e1 impulsando acciones preventivas y educativas para reducir los siniestros de tr\u00e1nsito y proteger la vida de los ciudadanos en la provincia.<\/p>\n","protected":false},"excerpt":{"rendered":"<p>La Polic\u00eda Nacional del Ecuador, a trav\u00e9s de la Jefatura Provincial de Control de Tr\u00e1nsito y Seguridad Vial, en coordinaci\u00f3n con SIAT Tr\u00e1nsito y la Gobernaci\u00f3n, desarroll\u00f3 este mi\u00e9rcoles 3 de diciembre de 2025, a las 10h00, la primera fase de una campa\u00f1a de concientizaci\u00f3n orientada a prevenir siniestros de tr\u00e1nsito ocasionados por la conducci\u00f3n [&hellip;]<\/p>\n","protected":false},"author":1,"featured_media":17697,"comment_status":"open","ping_status":"open","sticky":false,"template":"","format":"standard","meta":{"footnotes":""},"categories":[9],"tags":[],"_links":{"self":[{"href":"https:\/\/infozamoraec.com\/index.php\/wp-json\/wp\/v2\/posts\/17696"}],"collection":[{"href":"https:\/\/infozamoraec.com\/index.php\/wp-json\/wp\/v2\/posts"}],"about":[{"href":"https:\/\/infozamoraec.com\/index.php\/wp-json\/wp\/v2\/types\/post"}],"author":[{"embeddable":true,"href":"https:\/\/infozamoraec.com\/index.php\/wp-json\/wp\/v2\/users\/1"}],"replies":[{"embeddable":true,"href":"https:\/\/infozamoraec.com\/index.php\/wp-json\/wp\/v2\/comments?post=17696"}],"version-history":[{"count":2,"href":"https:\/\/infozamoraec.com\/index.php\/wp-json\/wp\/v2\/posts\/17696\/revisions"}],"predecessor-version":[{"id":17699,"href":"https:\/\/infozamoraec.com\/index.php\/wp-json\/wp\/v2\/posts\/17696\/revisions\/17699"}],"wp:featuredmedia":[{"embeddable":true,"href":"https:\/\/infozamoraec.com\/index.php\/wp-json\/wp\/v2\/media\/17697"}],"wp:attachment":[{"href":"https:\/\/infozamoraec.com\/index.php\/wp-json\/wp\/v2\/media?parent=17696"}],"wp:term":[{"taxonomy":"category","embeddable":true,"href":"https:\/\/infozamoraec.com\/index.php\/wp-json\/wp\/v2\/categories?post=17696"},{"taxonomy":"post_tag","embeddable":true,"href":"https:\/\/infozamoraec.com\/index.php\/wp-json\/wp\/v2\/tags?post=17696"}],"curies":[{"name":"wp","href":"https:\/\/api.w.org\/{rel}","templated":true}]}}