{"id":17692,"date":"2025-12-04T01:47:46","date_gmt":"2025-12-04T01:47:46","guid":{"rendered":"https:\/\/infozamoraec.com\/?p=17692"},"modified":"2025-12-04T01:47:46","modified_gmt":"2025-12-04T01:47:46","slug":"policia-nacional-participa-en-capacitacion-y-simulacro-de-codigo-plata-en-el-hospital-del-dia-iess-zamora","status":"publish","type":"post","link":"https:\/\/infozamoraec.com\/index.php\/2025\/12\/04\/policia-nacional-participa-en-capacitacion-y-simulacro-de-codigo-plata-en-el-hospital-del-dia-iess-zamora\/","title":{"rendered":"Polic\u00eda Nacional participa en capacitaci\u00f3n y simulacro de C\u00f3digo Plata en el Hospital del D\u00eda IESS Zamora"},"content":{"rendered":"<p>La Polic\u00eda Nacional del Ecuador, en coordinaci\u00f3n con el Hospital del D\u00eda IESS Zamora, desarroll\u00f3 una jornada de capacitaci\u00f3n y un simulacro del C\u00f3digo Plata, mecanismo destinado a fortalecer los protocolos de actuaci\u00f3n frente a situaciones de violencia dentro de establecimientos de salud.<\/p>\n<p>La actividad se ejecut\u00f3 en cumplimiento de las directrices operativas institucionales y reuni\u00f3 a miembros del COE, personal m\u00e9dico, de enfermer\u00eda, jefaturas de servicios, brigadas internas, seguridad privada y servidores policiales.<\/p>\n<p>Durante la capacitaci\u00f3n se abordaron temas relacionados con alertas tempranas de violencia, identificaci\u00f3n de comportamientos agresivos, procedimientos espec\u00edficos del C\u00f3digo Plata y el portafolio de servicios de Polic\u00eda Comunitaria, con el objetivo de reforzar la respuesta oportuna y coordinada ante emergencias de este tipo.<\/p>\n<p>El simulacro final se realiz\u00f3 el 28 de noviembre a las 16:00, permitiendo evaluar la capacidad de reacci\u00f3n conjunta ante un evento cr\u00edtico. La intervenci\u00f3n articulada entre el personal policial y el equipo cl\u00ednico se desarroll\u00f3 sin novedades de importancia y bajo todas las medidas de seguridad previstas.<\/p>\n<p>La Polic\u00eda Nacional reafirm\u00f3 su compromiso con la protecci\u00f3n institucional y el fortalecimiento del trabajo interinstitucional, orientado a garantizar entornos seguros en los servicios de salud y a mejorar la atenci\u00f3n frente a situaciones de riesgo dentro de estos espacios.<\/p>\n","protected":false},"excerpt":{"rendered":"<p>La Polic\u00eda Nacional del Ecuador, en coordinaci\u00f3n con el Hospital del D\u00eda IESS Zamora, desarroll\u00f3 una jornada de capacitaci\u00f3n y un simulacro del C\u00f3digo Plata, mecanismo destinado a fortalecer los protocolos de actuaci\u00f3n frente a situaciones de violencia dentro de establecimientos de salud. La actividad se ejecut\u00f3 en cumplimiento de las directrices operativas institucionales y [&hellip;]<\/p>\n","protected":false},"author":1,"featured_media":17693,"comment_status":"open","ping_status":"open","sticky":false,"template":"","format":"standard","meta":{"footnotes":""},"categories":[9],"tags":[],"_links":{"self":[{"href":"https:\/\/infozamoraec.com\/index.php\/wp-json\/wp\/v2\/posts\/17692"}],"collection":[{"href":"https:\/\/infozamoraec.com\/index.php\/wp-json\/wp\/v2\/posts"}],"about":[{"href":"https:\/\/infozamoraec.com\/index.php\/wp-json\/wp\/v2\/types\/post"}],"author":[{"embeddable":true,"href":"https:\/\/infozamoraec.com\/index.php\/wp-json\/wp\/v2\/users\/1"}],"replies":[{"embeddable":true,"href":"https:\/\/infozamoraec.com\/index.php\/wp-json\/wp\/v2\/comments?post=17692"}],"version-history":[{"count":2,"href":"https:\/\/infozamoraec.com\/index.php\/wp-json\/wp\/v2\/posts\/17692\/revisions"}],"predecessor-version":[{"id":17695,"href":"https:\/\/infozamoraec.com\/index.php\/wp-json\/wp\/v2\/posts\/17692\/revisions\/17695"}],"wp:featuredmedia":[{"embeddable":true,"href":"https:\/\/infozamoraec.com\/index.php\/wp-json\/wp\/v2\/media\/17693"}],"wp:attachment":[{"href":"https:\/\/infozamoraec.com\/index.php\/wp-json\/wp\/v2\/media?parent=17692"}],"wp:term":[{"taxonomy":"category","embeddable":true,"href":"https:\/\/infozamoraec.com\/index.php\/wp-json\/wp\/v2\/categories?post=17692"},{"taxonomy":"post_tag","embeddable":true,"href":"https:\/\/infozamoraec.com\/index.php\/wp-json\/wp\/v2\/tags?post=17692"}],"curies":[{"name":"wp","href":"https:\/\/api.w.org\/{rel}","templated":true}]}}