{"id":17685,"date":"2025-12-04T01:42:19","date_gmt":"2025-12-04T01:42:19","guid":{"rendered":"https:\/\/infozamoraec.com\/?p=17685"},"modified":"2025-12-04T01:42:19","modified_gmt":"2025-12-04T01:42:19","slug":"yantzaza-vive-una-navidad-magica-y-llena-de-amor","status":"publish","type":"post","link":"https:\/\/infozamoraec.com\/index.php\/2025\/12\/04\/yantzaza-vive-una-navidad-magica-y-llena-de-amor\/","title":{"rendered":"Yantzaza vive una Navidad m\u00e1gica y llena de amor"},"content":{"rendered":"<p>Con enorme alegr\u00eda y el esp\u00edritu festivo que caracteriza a nuestra gente, este viernes 5 de diciembre a partir de las 18h00, el se desarrollar\u00e1 el evento: \u201cYantzaza vive una Navidad m\u00e1gica y llena de amor\u201d.<\/p>\n<p>El evento inicia con el Preg\u00f3n de la Navidad, que partir\u00e1 desde el redondel del soldado Rafael Pullaguari, recorrer\u00e1 la avenida Iv\u00e1n Riofr\u00edo y culminar\u00e1 en el Parque Central de Yantzaza.<\/p>\n<p>Uno de los momentos m\u00e1s esperados ser\u00e1 el encendido de las luces navide\u00f1as, que iluminar\u00e1n la ciudad con un brillo especial que simboliza la esperanza y el deseo de unidad. A ello se suma el Concurso de Villancicos \u201cLa Magia Suena en Navidad\u201d, dirigido a las unidades educativas del cant\u00f3n Yantzaza, d\u00f3nde se premiar\u00e1 a los 4 primeros lugares.<\/p>\n<p>Diego Olmedo, coordinador de Turismo, Cultura y Recreaci\u00f3n, expres\u00f3 \u201cest\u00e1n participando las instituciones educativas, la parte privada, la parte p\u00fablica, y las direcciones y coordinaciones de la municipalidad. A todos los visitantes o turistas que visiten Yantzaza para ser parte de este evento, les damos la bienvenida y los recibimos con los brazos abiertos\u201d, indic\u00f3.<\/p>\n<p>El Municipio de Yantzaza extiende una invitaci\u00f3n llena de calidez a todas las familias, amigos y visitantes para que se unan y compartan este momento tan especial. El resplandor de miles de luces se encender\u00e1 al un\u00edsono, iluminando el cielo y avivando ese esp\u00edritu comunitario que distingue y enorgullece a Yantzaza, record\u00e1ndonos que la Navidad cobra vida cuando estamos juntos.<\/p>\n","protected":false},"excerpt":{"rendered":"<p>Con enorme alegr\u00eda y el esp\u00edritu festivo que caracteriza a nuestra gente, este viernes 5 de diciembre a partir de las 18h00, el se desarrollar\u00e1 el evento: \u201cYantzaza vive una Navidad m\u00e1gica y llena de amor\u201d. El evento inicia con el Preg\u00f3n de la Navidad, que partir\u00e1 desde el redondel del soldado Rafael Pullaguari, recorrer\u00e1 [&hellip;]<\/p>\n","protected":false},"author":1,"featured_media":17686,"comment_status":"open","ping_status":"open","sticky":false,"template":"","format":"standard","meta":{"footnotes":""},"categories":[9],"tags":[],"_links":{"self":[{"href":"https:\/\/infozamoraec.com\/index.php\/wp-json\/wp\/v2\/posts\/17685"}],"collection":[{"href":"https:\/\/infozamoraec.com\/index.php\/wp-json\/wp\/v2\/posts"}],"about":[{"href":"https:\/\/infozamoraec.com\/index.php\/wp-json\/wp\/v2\/types\/post"}],"author":[{"embeddable":true,"href":"https:\/\/infozamoraec.com\/index.php\/wp-json\/wp\/v2\/users\/1"}],"replies":[{"embeddable":true,"href":"https:\/\/infozamoraec.com\/index.php\/wp-json\/wp\/v2\/comments?post=17685"}],"version-history":[{"count":2,"href":"https:\/\/infozamoraec.com\/index.php\/wp-json\/wp\/v2\/posts\/17685\/revisions"}],"predecessor-version":[{"id":17688,"href":"https:\/\/infozamoraec.com\/index.php\/wp-json\/wp\/v2\/posts\/17685\/revisions\/17688"}],"wp:featuredmedia":[{"embeddable":true,"href":"https:\/\/infozamoraec.com\/index.php\/wp-json\/wp\/v2\/media\/17686"}],"wp:attachment":[{"href":"https:\/\/infozamoraec.com\/index.php\/wp-json\/wp\/v2\/media?parent=17685"}],"wp:term":[{"taxonomy":"category","embeddable":true,"href":"https:\/\/infozamoraec.com\/index.php\/wp-json\/wp\/v2\/categories?post=17685"},{"taxonomy":"post_tag","embeddable":true,"href":"https:\/\/infozamoraec.com\/index.php\/wp-json\/wp\/v2\/tags?post=17685"}],"curies":[{"name":"wp","href":"https:\/\/api.w.org\/{rel}","templated":true}]}}