{"id":17680,"date":"2025-12-03T02:12:11","date_gmt":"2025-12-03T02:12:11","guid":{"rendered":"https:\/\/infozamoraec.com\/?p=17680"},"modified":"2025-12-03T02:12:11","modified_gmt":"2025-12-03T02:12:11","slug":"peru-precandidato-presidencial-sale-ileso-de-ataque-a-tiros","status":"publish","type":"post","link":"https:\/\/infozamoraec.com\/index.php\/2025\/12\/03\/peru-precandidato-presidencial-sale-ileso-de-ataque-a-tiros\/","title":{"rendered":"Per\u00fa: precandidato presidencial sale ileso de ataque a tiros"},"content":{"rendered":"<p>Rafael Bela\u00fande, precandidato a la presidencia de Per\u00fa, sufri\u00f3 este martes (02.12.2025) un ataque a balazos mientras viajaba en su veh\u00edculo en el sur de Lima, del que result\u00f3 ileso, indic\u00f3 la polic\u00eda.<\/p>\n<p>El autom\u00f3vil de Bela\u00fande, de 50 a\u00f1os y l\u00edder del derechista partido Libertad Popular, recibi\u00f3 tres disparos realizados por sujetos en moto, seg\u00fan medios locales.<\/p>\n<p>\u00abSe ha disparado contra el veh\u00edculo y contra \u00e9l\u00bb, se\u00f1al\u00f3 a la prensa el jefe de la polic\u00eda peruana, general \u00d3scar Arriola.<\/p>\n<p>En un mensaje en la red social X, la polic\u00eda asegur\u00f3 que en el ataque \u00abno se presentaron heridos\u00bb.<\/p>\n<p>Bela\u00fande descarta amenazas en su contra<br \/>\nSin embargo, una fotograf\u00eda de Bela\u00fande con rastros de sangre en su cara y camisa blanca se viraliz\u00f3 redes y televisoras. La sangre ser\u00eda producto de lesiones causadas a alg\u00fan ocupante del autom\u00f3vil por las esquirlas del parabrisas impactado por tres balas, seg\u00fan el propio jefe policial.<\/p>\n<p>El carro de Bela\u00fande era conducido por un chofer. El pol\u00edtico manifest\u00f3 a la polic\u00eda que \u00abno ha recibido amenazas extorsivas o de otro tipo\u00bb, indic\u00f3 Arriola.<\/p>\n<p>El l\u00edder de Libertad Popular aspira a la presidencia en las elecciones que se llevar\u00e1n a cabo el 12 de abril, y es nieto del expresidente Fernando Bela\u00fande, que gobern\u00f3 Per\u00fa de 1963 a 1968 y de 1980 a 1985.<\/p>\n<p>rr afp\/rpp\/la republica<\/p>\n","protected":false},"excerpt":{"rendered":"<p>Rafael Bela\u00fande, precandidato a la presidencia de Per\u00fa, sufri\u00f3 este martes (02.12.2025) un ataque a balazos mientras viajaba en su veh\u00edculo en el sur de Lima, del que result\u00f3 ileso, indic\u00f3 la polic\u00eda. El autom\u00f3vil de Bela\u00fande, de 50 a\u00f1os y l\u00edder del derechista partido Libertad Popular, recibi\u00f3 tres disparos realizados por sujetos en moto, [&hellip;]<\/p>\n","protected":false},"author":1,"featured_media":17681,"comment_status":"open","ping_status":"open","sticky":false,"template":"","format":"standard","meta":{"footnotes":""},"categories":[8],"tags":[],"_links":{"self":[{"href":"https:\/\/infozamoraec.com\/index.php\/wp-json\/wp\/v2\/posts\/17680"}],"collection":[{"href":"https:\/\/infozamoraec.com\/index.php\/wp-json\/wp\/v2\/posts"}],"about":[{"href":"https:\/\/infozamoraec.com\/index.php\/wp-json\/wp\/v2\/types\/post"}],"author":[{"embeddable":true,"href":"https:\/\/infozamoraec.com\/index.php\/wp-json\/wp\/v2\/users\/1"}],"replies":[{"embeddable":true,"href":"https:\/\/infozamoraec.com\/index.php\/wp-json\/wp\/v2\/comments?post=17680"}],"version-history":[{"count":1,"href":"https:\/\/infozamoraec.com\/index.php\/wp-json\/wp\/v2\/posts\/17680\/revisions"}],"predecessor-version":[{"id":17682,"href":"https:\/\/infozamoraec.com\/index.php\/wp-json\/wp\/v2\/posts\/17680\/revisions\/17682"}],"wp:featuredmedia":[{"embeddable":true,"href":"https:\/\/infozamoraec.com\/index.php\/wp-json\/wp\/v2\/media\/17681"}],"wp:attachment":[{"href":"https:\/\/infozamoraec.com\/index.php\/wp-json\/wp\/v2\/media?parent=17680"}],"wp:term":[{"taxonomy":"category","embeddable":true,"href":"https:\/\/infozamoraec.com\/index.php\/wp-json\/wp\/v2\/categories?post=17680"},{"taxonomy":"post_tag","embeddable":true,"href":"https:\/\/infozamoraec.com\/index.php\/wp-json\/wp\/v2\/tags?post=17680"}],"curies":[{"name":"wp","href":"https:\/\/api.w.org\/{rel}","templated":true}]}}