{"id":1768,"date":"2024-03-16T15:13:50","date_gmt":"2024-03-16T15:13:50","guid":{"rendered":"https:\/\/infozamoraec.com\/?p=1768"},"modified":"2024-03-16T15:13:50","modified_gmt":"2024-03-16T15:13:50","slug":"cc-se-suma-al-caso-purga-y-metastasis-y-critica-a-la-justicia","status":"publish","type":"post","link":"https:\/\/infozamoraec.com\/index.php\/2024\/03\/16\/cc-se-suma-al-caso-purga-y-metastasis-y-critica-a-la-justicia\/","title":{"rendered":"CC se suma al caso \u2018Purga\u2019 y \u2018Met\u00e1stasis\u2019 y critica a la justicia"},"content":{"rendered":"<p>El pleno de la\u00a0<strong>Corte Constitucional<\/strong>\u00a0analiz\u00f3 esc\u00e1ndalos que\u00a0salpican a jueces y reaccionaron duramente ante el sistema de justicia actual as\u00ed como a la actuaci\u00f3n de los magistrados.<\/p>\n<div class=\"mh-content-ad\"><ins id=\"revive-0-2\" data-revive-zoneid=\"2931\" data-revive-id=\"727bec5e09208690b050ccfc6a45d384\" data-revive-seq=\"2\" data-revive-loaded=\"1\"><\/p>\n<div id=\"beacon_8cf698994a\"><img decoding=\"async\" src=\"https:\/\/servedby.revive-adserver.net\/lg.php?bannerid=0&amp;campaignid=0&amp;zoneid=2931&amp;loc=https%3A%2F%2Fwww.larepublica.ec%2Fblog%2F2024%2F03%2F15%2Fcc-se-suma-al-caso-purga-y-metastasis-y-critica-a-la-justicia%2F&amp;referer=https%3A%2F%2Fwww.larepublica.ec%2F&amp;cb=8cf698994a\" alt=\"\" width=\"0\" height=\"0\" \/>El pleno del m\u00e1ximo organismo de control constitucional en el pa\u00eds sesion\u00f3 la noche del jueves, 14 de marzo, en la Facultad Latinoamericana de Ciencias Sociales. Los convoc\u00f3 el\u00a0<strong>balance de su trabajo<\/strong>\u00a0en 2023, inform\u00f3 Ecuavisa.<\/div>\n<p><\/ins><\/div>\n<p>En ese sentido, el presidente de la Corte Constitucional,\u00a0<strong>Al\u00ed Lozada<\/strong>, critic\u00f3 la desnaturalizaci\u00f3n de las garant\u00edas jurisdiccionales. Los jueces constitucionales detectaron abusos por parte de abogados litigantes y critic\u00f3 a los jueces por fallos cuestionables que, en algunos casos, fueron enviados a la Fiscal\u00eda como el uso indiscriminado de h\u00e1beas corpus.<\/p>\n<p>\u00abDestacan algunos casos especialmente groseros. La\u00a0<strong>desnaturalizaci\u00f3n<\/strong>\u00a0sirvi\u00f3 para buscar impunidad de personas procesadas o condenadas por\u00a0<strong>delitos graves<\/strong>\u00bb, dijo el presidente de la Corte.<\/p>\n<p>Los magistrados constitucionales adem\u00e1s reaccionaron a los casos \u2018Met\u00e1stasis\u2019y \u2018Purga\u2019. Pues all\u00ed yacen investigados funcionarios judiciales, perfiles que dicho sea de paso no pasaron desapercibidos. La vicepresidente de la Corte Constitucional, Carmen Corral, dijo \u00abque han visto con verg\u00fcenza que la corrupci\u00f3n haya llegado con sus tent\u00e1culos a las m\u00e1s altas esferas de la Funci\u00f3n Judicial\u00bb.<\/p>\n","protected":false},"excerpt":{"rendered":"<p>El pleno de la\u00a0Corte Constitucional\u00a0analiz\u00f3 esc\u00e1ndalos que\u00a0salpican a jueces y reaccionaron duramente ante el sistema de justicia actual as\u00ed como a la actuaci\u00f3n de los magistrados. El pleno del m\u00e1ximo organismo de control constitucional en el pa\u00eds sesion\u00f3 la noche del jueves, 14 de marzo, en la Facultad Latinoamericana de Ciencias Sociales. Los convoc\u00f3 el\u00a0balance [&hellip;]<\/p>\n","protected":false},"author":1,"featured_media":1770,"comment_status":"open","ping_status":"open","sticky":false,"template":"","format":"standard","meta":{"footnotes":""},"categories":[12],"tags":[],"_links":{"self":[{"href":"https:\/\/infozamoraec.com\/index.php\/wp-json\/wp\/v2\/posts\/1768"}],"collection":[{"href":"https:\/\/infozamoraec.com\/index.php\/wp-json\/wp\/v2\/posts"}],"about":[{"href":"https:\/\/infozamoraec.com\/index.php\/wp-json\/wp\/v2\/types\/post"}],"author":[{"embeddable":true,"href":"https:\/\/infozamoraec.com\/index.php\/wp-json\/wp\/v2\/users\/1"}],"replies":[{"embeddable":true,"href":"https:\/\/infozamoraec.com\/index.php\/wp-json\/wp\/v2\/comments?post=1768"}],"version-history":[{"count":2,"href":"https:\/\/infozamoraec.com\/index.php\/wp-json\/wp\/v2\/posts\/1768\/revisions"}],"predecessor-version":[{"id":1772,"href":"https:\/\/infozamoraec.com\/index.php\/wp-json\/wp\/v2\/posts\/1768\/revisions\/1772"}],"wp:featuredmedia":[{"embeddable":true,"href":"https:\/\/infozamoraec.com\/index.php\/wp-json\/wp\/v2\/media\/1770"}],"wp:attachment":[{"href":"https:\/\/infozamoraec.com\/index.php\/wp-json\/wp\/v2\/media?parent=1768"}],"wp:term":[{"taxonomy":"category","embeddable":true,"href":"https:\/\/infozamoraec.com\/index.php\/wp-json\/wp\/v2\/categories?post=1768"},{"taxonomy":"post_tag","embeddable":true,"href":"https:\/\/infozamoraec.com\/index.php\/wp-json\/wp\/v2\/tags?post=1768"}],"curies":[{"name":"wp","href":"https:\/\/api.w.org\/{rel}","templated":true}]}}