{"id":17677,"date":"2025-12-03T02:09:56","date_gmt":"2025-12-03T02:09:56","guid":{"rendered":"https:\/\/infozamoraec.com\/?p=17677"},"modified":"2025-12-03T02:09:56","modified_gmt":"2025-12-03T02:09:56","slug":"suecia-noruega-finlandia-recomiendan-no-viajar-a-venezuela","status":"publish","type":"post","link":"https:\/\/infozamoraec.com\/index.php\/2025\/12\/03\/suecia-noruega-finlandia-recomiendan-no-viajar-a-venezuela\/","title":{"rendered":"Suecia, Noruega, Finlandia recomiendan no viajar a Venezuela"},"content":{"rendered":"<p>Los ministerios de Relaciones Exteriores de Suecia, Noruega y Finlandia desaconsejaron este martes (02.12.2025) a sus ciudadanos que viajen a Venezuela hasta nuevo aviso, luego de que el presidente de Estados Unidos, Donald Trump, declarara el cierre total del espacio a\u00e9reo venezolano.<\/p>\n<p>El gobierno sueco dijo que hab\u00eda tomado la medida debido a la \u00absituaci\u00f3n de seguridad\u00bb en el pa\u00eds caribe\u00f1o.<\/p>\n<p>Posibilidades \u00abmuy imitadas o inexistentes\u00bb de salir de Venezuela<br \/>\nPor su parte, Noruega advirti\u00f3 que \u00abla situaci\u00f3n de seguridad en Venezuela es impredecible y evoluciona r\u00e1pidamente\u00bb, adem\u00e1s de que \u00ablas l\u00edneas de transporte y comunicaci\u00f3n dentro y fuera del pa\u00eds se han visto afectadas y varias aerol\u00edneas han cancelado sus vuelos\u00bb.<\/p>\n<p>\u00abEso puede suponer que las posibilidades de abandonar Venezuela se vean muy limitadas o inexistentes repentinamente. En esa situaci\u00f3n, la embajada en Bogot\u00e1 tiene opciones limitadas para dar asistencia consular a los ciudadanos noruegos en Venezuela\u00bb, agreg\u00f3.<\/p>\n<p>Finlandia advierte sobre arrestos masivos y detenciones de extranjeros en Venezuela<br \/>\nAsimismo, Finlandia alert\u00f3 que \u00abla situaci\u00f3n pol\u00edtica es ca\u00f3tica y sus efectos son ampliamente visibles\u00bb en la naci\u00f3n americana, al mismo tiempo que explic\u00f3 que \u00aben Caracas y otras grandes ciudades pueden producirse manifestaciones pol\u00edticas que pueden tornarse violentas r\u00e1pidamente\u00bb.<\/p>\n<p>Tambi\u00e9n sostuvo que en los \u00faltimos meses se han producido arrestos masivos y detenciones de ciudadanos extranjeros, principalmente en Caracas.<\/p>\n<p>rr efe\/sweden herald\/el nacional<\/p>\n","protected":false},"excerpt":{"rendered":"<p>Los ministerios de Relaciones Exteriores de Suecia, Noruega y Finlandia desaconsejaron este martes (02.12.2025) a sus ciudadanos que viajen a Venezuela hasta nuevo aviso, luego de que el presidente de Estados Unidos, Donald Trump, declarara el cierre total del espacio a\u00e9reo venezolano. El gobierno sueco dijo que hab\u00eda tomado la medida debido a la \u00absituaci\u00f3n [&hellip;]<\/p>\n","protected":false},"author":1,"featured_media":17678,"comment_status":"open","ping_status":"open","sticky":false,"template":"","format":"standard","meta":{"footnotes":""},"categories":[8],"tags":[],"_links":{"self":[{"href":"https:\/\/infozamoraec.com\/index.php\/wp-json\/wp\/v2\/posts\/17677"}],"collection":[{"href":"https:\/\/infozamoraec.com\/index.php\/wp-json\/wp\/v2\/posts"}],"about":[{"href":"https:\/\/infozamoraec.com\/index.php\/wp-json\/wp\/v2\/types\/post"}],"author":[{"embeddable":true,"href":"https:\/\/infozamoraec.com\/index.php\/wp-json\/wp\/v2\/users\/1"}],"replies":[{"embeddable":true,"href":"https:\/\/infozamoraec.com\/index.php\/wp-json\/wp\/v2\/comments?post=17677"}],"version-history":[{"count":1,"href":"https:\/\/infozamoraec.com\/index.php\/wp-json\/wp\/v2\/posts\/17677\/revisions"}],"predecessor-version":[{"id":17679,"href":"https:\/\/infozamoraec.com\/index.php\/wp-json\/wp\/v2\/posts\/17677\/revisions\/17679"}],"wp:featuredmedia":[{"embeddable":true,"href":"https:\/\/infozamoraec.com\/index.php\/wp-json\/wp\/v2\/media\/17678"}],"wp:attachment":[{"href":"https:\/\/infozamoraec.com\/index.php\/wp-json\/wp\/v2\/media?parent=17677"}],"wp:term":[{"taxonomy":"category","embeddable":true,"href":"https:\/\/infozamoraec.com\/index.php\/wp-json\/wp\/v2\/categories?post=17677"},{"taxonomy":"post_tag","embeddable":true,"href":"https:\/\/infozamoraec.com\/index.php\/wp-json\/wp\/v2\/tags?post=17677"}],"curies":[{"name":"wp","href":"https:\/\/api.w.org\/{rel}","templated":true}]}}