{"id":17674,"date":"2025-12-03T02:08:01","date_gmt":"2025-12-03T02:08:01","guid":{"rendered":"https:\/\/infozamoraec.com\/?p=17674"},"modified":"2025-12-03T02:12:21","modified_gmt":"2025-12-03T02:12:21","slug":"lula-y-trump-dispuestos-a-cooperar-contra-crimen-organizado","status":"publish","type":"post","link":"https:\/\/infozamoraec.com\/index.php\/2025\/12\/03\/lula-y-trump-dispuestos-a-cooperar-contra-crimen-organizado\/","title":{"rendered":"Lula y Trump dispuestos a cooperar contra crimen organizado"},"content":{"rendered":"<p>El presidente de Brasil, Luiz In\u00e1cio Lula da Silva, y su par de Estados Unidos, Donald Trump, dijeron que est\u00e1n listos para cooperar en el combate al crimen organizado en una conversaci\u00f3n telef\u00f3nica este martes (02.12.2025), seg\u00fan la presidencia brasile\u00f1a.<\/p>\n<p>El mandatario estadounidense evoc\u00f3 una \u00abgran conversaci\u00f3n\u00bb con Lula en la que tambi\u00e9n abordaron los aranceles y sanciones impuestas por Washington a Brasil.<\/p>\n<p>\u00abMe cae bien\u00bb, dijo Trump en la Casa Blanca sobre su par brasile\u00f1o.<\/p>\n<p>Durante el di\u00e1logo, Lula \u00abenfatiz\u00f3 la urgencia de fortalecer la cooperaci\u00f3n con Estados Unidos para combatir el crimen organizado internacional\u00bb y Trump \u00abresalt\u00f3 su plena disposici\u00f3n a colaborar con Brasil y su total apoyo a las iniciativas conjuntas\u00bb con ese fin, seg\u00fan la presidencia brasile\u00f1a.<\/p>\n<p>Lula repas\u00f3 las operaciones recientes que su gobierno llev\u00f3 a cabo en Brasil para \u00abasfixiar financieramente\u00bb a las organizaciones delictivas, y mencion\u00f3 ramificaciones que operan desde el exterior.<\/p>\n<p>M\u00e1s tarde en su red social, el estadounidense dijo que conversaron sobre \u00abc\u00f3mo nuestros pa\u00edses podr\u00edan trabajar juntos para detener el crimen organizado\u00bb.<\/p>\n<p>El gobierno de Lula ha desplegado en los \u00faltimos meses varias operaciones contra el lavado de dinero y contra las principales organizaciones criminales de Brasil, como el Primeiro Comando da Capital (PCC).<\/p>\n<p>La llamada entre Lula y Trump, que dur\u00f3 40 minutos, ocurre cuando Estados Unidos impulsa una intensa campa\u00f1a militar en el Caribe y el Pac\u00edfico para, seg\u00fan Washington, combatir el narcotr\u00e1fico. El presidente venezolano, Nicol\u00e1s Maduro, afirma que el objetivo es derrocarlo.<\/p>\n<p>Los ataques estadounidenses dejaron hasta el momento 83 muertos en bombardeos de al menos 20 lanchas que, seg\u00fan Washington, transportaban drogas.<\/p>\n<p>Aranceles a productos<br \/>\nLula hab\u00eda manifestado d\u00edas atr\u00e1s su preocupaci\u00f3n por la presencia militar estadounidense en el Caribe, y dijo tener la intenci\u00f3n de discutirlo con Trump.<\/p>\n<p>No obstante, no hubo ninguna menci\u00f3n a Venezuela en las comunicaciones de ambos gobiernos.<\/p>\n<p>El juicio por golpismo contra el expresidente brasile\u00f1o de ultraderecha Jair Bolsonaro, que acab\u00f3 con una condena de 27 a\u00f1os de c\u00e1rcel, tens\u00f3 las relaciones entre Brasil y Estados Unidos.<\/p>\n<p>Trump denunci\u00f3 el proceso judicial como una \u00abcaza de brujas\u00bb contra su aliado y respondi\u00f3 imponiendo un arancel punitivo a Brasil en agosto y sanciones a autoridades brasile\u00f1as.<\/p>\n<p>\u00abComo saben, sancion\u00e9 (a Brasil) por algunas cosas que sucedieron\u00bb, dijo este martes Trump.<\/p>\n<p>Pero luego de un encuentro con Lula en octubre, el republicano eximi\u00f3 a buena parte de los productos afectados, entre ellos la carne y el caf\u00e9.<\/p>\n<p>Lula calific\u00f3 el martes de \u00abmuy positiva\u00bb la decisi\u00f3n pero se\u00f1al\u00f3 que \u00aba\u00fan hay otros productos con tarifas que deben ser discutidos\u00bb y dijo que Brasil \u00abdesea avanzar r\u00e1pido en esas negociaciones\u00bb.<\/p>\n<p>Trump dijo que su encuentro con Lula \u00abfij\u00f3 las bases para un di\u00e1logo y acuerdo muy positivo a largo plazo\u00bb.<\/p>\n<p>\u00abEspero verlo y hablar con \u00e9l pronto. \u00a1Mucho bien saldr\u00e1 de esta nueva sociedad formada!\u00bb, a\u00f1adi\u00f3.<\/p>\n<p>mg (afp, reuters)<\/p>\n","protected":false},"excerpt":{"rendered":"<p>El presidente de Brasil, Luiz In\u00e1cio Lula da Silva, y su par de Estados Unidos, Donald Trump, dijeron que est\u00e1n listos para cooperar en el combate al crimen organizado en una conversaci\u00f3n telef\u00f3nica este martes (02.12.2025), seg\u00fan la presidencia brasile\u00f1a. El mandatario estadounidense evoc\u00f3 una \u00abgran conversaci\u00f3n\u00bb con Lula en la que tambi\u00e9n abordaron los [&hellip;]<\/p>\n","protected":false},"author":1,"featured_media":17675,"comment_status":"open","ping_status":"open","sticky":false,"template":"","format":"standard","meta":{"footnotes":""},"categories":[8],"tags":[],"_links":{"self":[{"href":"https:\/\/infozamoraec.com\/index.php\/wp-json\/wp\/v2\/posts\/17674"}],"collection":[{"href":"https:\/\/infozamoraec.com\/index.php\/wp-json\/wp\/v2\/posts"}],"about":[{"href":"https:\/\/infozamoraec.com\/index.php\/wp-json\/wp\/v2\/types\/post"}],"author":[{"embeddable":true,"href":"https:\/\/infozamoraec.com\/index.php\/wp-json\/wp\/v2\/users\/1"}],"replies":[{"embeddable":true,"href":"https:\/\/infozamoraec.com\/index.php\/wp-json\/wp\/v2\/comments?post=17674"}],"version-history":[{"count":1,"href":"https:\/\/infozamoraec.com\/index.php\/wp-json\/wp\/v2\/posts\/17674\/revisions"}],"predecessor-version":[{"id":17676,"href":"https:\/\/infozamoraec.com\/index.php\/wp-json\/wp\/v2\/posts\/17674\/revisions\/17676"}],"wp:featuredmedia":[{"embeddable":true,"href":"https:\/\/infozamoraec.com\/index.php\/wp-json\/wp\/v2\/media\/17675"}],"wp:attachment":[{"href":"https:\/\/infozamoraec.com\/index.php\/wp-json\/wp\/v2\/media?parent=17674"}],"wp:term":[{"taxonomy":"category","embeddable":true,"href":"https:\/\/infozamoraec.com\/index.php\/wp-json\/wp\/v2\/categories?post=17674"},{"taxonomy":"post_tag","embeddable":true,"href":"https:\/\/infozamoraec.com\/index.php\/wp-json\/wp\/v2\/tags?post=17674"}],"curies":[{"name":"wp","href":"https:\/\/api.w.org\/{rel}","templated":true}]}}