{"id":17668,"date":"2025-12-03T02:03:15","date_gmt":"2025-12-03T02:03:15","guid":{"rendered":"https:\/\/infozamoraec.com\/?p=17668"},"modified":"2025-12-03T02:03:15","modified_gmt":"2025-12-03T02:03:15","slug":"marcela-aguinaga-y-roberto-luque-se-confrontan-por-pagos-para-obras-complementarias-del-quinto-puente","status":"publish","type":"post","link":"https:\/\/infozamoraec.com\/index.php\/2025\/12\/03\/marcela-aguinaga-y-roberto-luque-se-confrontan-por-pagos-para-obras-complementarias-del-quinto-puente\/","title":{"rendered":"Marcela Agui\u00f1aga y Roberto Luque se confrontan por pagos para obras complementarias del quinto puente"},"content":{"rendered":"<p>Los avances de obras complementarias al Viaducto Sur, m\u00e1s conocido como quinto puente, han generado una confrontaci\u00f3n entre la prefecta de Guayas, Marcela Agui\u00f1aga, y el ministro de Transporte de Infraestructura y Transporte (MIT), Roberto Luque.<\/p>\n<p>El lunes, en una entrevista televisiva, Marcela Agui\u00f1aga alert\u00f3 sobre el riesgo de paralizaci\u00f3n de la obra debido a la ausencia de desembolsos adicionales del Ministerio de Transporte y Obras P\u00fablicas (MTOP).<\/p>\n<p>\u201cDe $ 120 millones nos han entregado $ 35 (millones) y si en los pr\u00f3ximos d\u00edas no se comienza a pagar las planillas al contratista, nos veremos obligados a parar la obra\u201d, dijo Agui\u00f1aga en Teleamazonas.<\/p>\n<p>Seg\u00fan la prefecta, estas trabas no provienen de la Prefectura, sino de factores externos que impiden el progreso normal de la construcci\u00f3n.<\/p>\n<p>Lo que se inici\u00f3 como cr\u00edticas de la prefecta al Gobierno nacional por los pagos escal\u00f3 a declaraciones virtuales con el ministro de Infraestructura, Roberto Luque.<\/p>\n<p>Este martes, Luque utiliz\u00f3 su cuenta en X para aclarar las afirmaciones de Agui\u00f1aga y cuestionar la gesti\u00f3n de los fondos transferidos.<\/p>\n<p>El ministro detall\u00f3 que el Gobierno ha garantizado los $ 120 millones para el proyecto, con un anticipo inicial de $ 35 millones y un pago adicional de $ 10 millones el 19 de noviembre, para inyectar liquidez y evitar paros.<\/p>\n<p>Sin embargo, bas\u00e1ndose en el Informe Bimestral n.\u00ba 4 de la Prefectura (al 31 de octubre de 2023), Luque se\u00f1al\u00f3 que solo se han planillado $ 19\u2032474.181,28, lo que genera dudas sobre el destino del resto del dinero.<\/p>\n<p>\u201c\u00bfQu\u00e9 pas\u00f3 con el resto del dinero?\u201d, interrog\u00f3 directamente el ministro, aludiendo a declaraciones previas de Agui\u00f1aga sobre un \u201ccontratista preferido\u201d.<\/p>\n<p>Luque no se detuvo en las finanzas: exigi\u00f3 explicaciones t\u00e9cnicas sobre el avance en estructuras cr\u00edticas, como el puente Mojahuevo y el viaducto sobre el r\u00edo Bulu Bulu, al preguntar por la cantidad de metros c\u00fabicos de hormig\u00f3n en sitio y los pilotes ejecutados.<\/p>\n<p>\u201cNo nos haga pensar que nos hemos equivocado al seleccionar nuestro socio estrat\u00e9gico\u201d, advirti\u00f3, recordando que el convenio entre el MTOP (Ministerio de Transporte y Obras P\u00fablicas) y la Prefectura establece informes bimensuales y desembolsos condicionados al progreso econ\u00f3mico.<\/p>\n<p>Finalmente, invoc\u00f3 una cl\u00e1usula contractual que permite la terminaci\u00f3n unilateral por incumplimiento. \u201cNosotros estamos m\u00e1s que listos para hacerlo respetar\u201d, dijo y amenaz\u00f3 con retirar la delegaci\u00f3n de competencias si persisten las inconsistencias.<\/p>\n<p>En respuesta, Agui\u00f1aga replic\u00f3 en la misma red social, desestimando los datos de Luque y proponiendo una reuni\u00f3n para tratar el tema.<\/p>\n<p>\u201cMinistro, la informaci\u00f3n que le han entregado no es correcta. Para no detenernos en estos dimes y diretes, lo invito a reunirnos para revisar avances y las trabas existentes (que no provienen de esta Prefectura)\u201d, escribi\u00f3 la prefecta.<\/p>\n<p>Agui\u00f1aga insisti\u00f3 en que la Prefectura del Guayas \u201cseguir\u00e1 obrando para que una obra estrat\u00e9gica para el pa\u00eds no se detenga\u201d, abogando por una mesa t\u00e9cnica urgente en lugar de confrontaciones p\u00fablicas.<\/p>\n<p>El quinto puente, que incluye 22 kil\u00f3metros de v\u00eda y t<\/p>\n","protected":false},"excerpt":{"rendered":"<p>Los avances de obras complementarias al Viaducto Sur, m\u00e1s conocido como quinto puente, han generado una confrontaci\u00f3n entre la prefecta de Guayas, Marcela Agui\u00f1aga, y el ministro de Transporte de Infraestructura y Transporte (MIT), Roberto Luque. El lunes, en una entrevista televisiva, Marcela Agui\u00f1aga alert\u00f3 sobre el riesgo de paralizaci\u00f3n de la obra debido a [&hellip;]<\/p>\n","protected":false},"author":1,"featured_media":17669,"comment_status":"open","ping_status":"open","sticky":false,"template":"","format":"standard","meta":{"footnotes":""},"categories":[12],"tags":[],"_links":{"self":[{"href":"https:\/\/infozamoraec.com\/index.php\/wp-json\/wp\/v2\/posts\/17668"}],"collection":[{"href":"https:\/\/infozamoraec.com\/index.php\/wp-json\/wp\/v2\/posts"}],"about":[{"href":"https:\/\/infozamoraec.com\/index.php\/wp-json\/wp\/v2\/types\/post"}],"author":[{"embeddable":true,"href":"https:\/\/infozamoraec.com\/index.php\/wp-json\/wp\/v2\/users\/1"}],"replies":[{"embeddable":true,"href":"https:\/\/infozamoraec.com\/index.php\/wp-json\/wp\/v2\/comments?post=17668"}],"version-history":[{"count":1,"href":"https:\/\/infozamoraec.com\/index.php\/wp-json\/wp\/v2\/posts\/17668\/revisions"}],"predecessor-version":[{"id":17670,"href":"https:\/\/infozamoraec.com\/index.php\/wp-json\/wp\/v2\/posts\/17668\/revisions\/17670"}],"wp:featuredmedia":[{"embeddable":true,"href":"https:\/\/infozamoraec.com\/index.php\/wp-json\/wp\/v2\/media\/17669"}],"wp:attachment":[{"href":"https:\/\/infozamoraec.com\/index.php\/wp-json\/wp\/v2\/media?parent=17668"}],"wp:term":[{"taxonomy":"category","embeddable":true,"href":"https:\/\/infozamoraec.com\/index.php\/wp-json\/wp\/v2\/categories?post=17668"},{"taxonomy":"post_tag","embeddable":true,"href":"https:\/\/infozamoraec.com\/index.php\/wp-json\/wp\/v2\/tags?post=17668"}],"curies":[{"name":"wp","href":"https:\/\/api.w.org\/{rel}","templated":true}]}}