{"id":17665,"date":"2025-12-03T02:01:13","date_gmt":"2025-12-03T02:01:13","guid":{"rendered":"https:\/\/infozamoraec.com\/?p=17665"},"modified":"2025-12-03T02:01:13","modified_gmt":"2025-12-03T02:01:13","slug":"correa-expulsa-a-marcela-aguinaga-de-la-revolucion-ciudadana","status":"publish","type":"post","link":"https:\/\/infozamoraec.com\/index.php\/2025\/12\/03\/correa-expulsa-a-marcela-aguinaga-de-la-revolucion-ciudadana\/","title":{"rendered":"Correa expulsa a Marcela Agui\u00f1aga de la Revoluci\u00f3n Ciudadana"},"content":{"rendered":"<p>En su cuenta de X, el expresidente Rafael Correa y l\u00edder del movimiento, Revoluci\u00f3n Ciudadana, reaccion\u00f3 a un post del medio Radio Pichincha af\u00edn al corre\u00edsmo que destacaba la reacci\u00f3n de la prefecta de Guayas, Marcela Agui\u00f1aga sobre dejar el movimiento corre\u00edsta. Correa expres\u00f3:<\/p>\n<p>\u00abEsa decisi\u00f3n nostros ya la tomamos\u00bb, indicando la expulsi\u00f3n de Agui\u00f1aga del movimiento.<\/p>\n<p>En el espacio de Teleamazonas \u2018De lunes a lunes\u2019 la prefecta del Guayas, Marcela Agui\u00f1aga indic\u00f3 que se es\u00e1 pensando en salir del movimiento corre\u00edsta Revoluci\u00f3n Ciudadana. \u00abLo estoy pensando, por supuesto\u00bb, dijo Agui\u00f1aga.<\/p>\n<p>Tras esto, el expresidente Rafael Correa y l\u00edder del movimiento expres\u00f3: \u00abMarcela querida: Eres demasiado importante y sabia para la actual RC5. Anda nom\u00e1s a dialogar con Noboa, nosotros NO lo haremos\u00bb, escribi\u00f3 en X.<\/p>\n<p>Luego en tono ir\u00f3nico le dice que no reflexione sobre su salida. Lo que implica una t\u00e1cita expulsi\u00f3n del mismo. \u00abPero con nosotros no cuentes: m\u00e1s vale un gramo de principios que toneladas de trabajo\u00bb, a\u00f1adi\u00f3 el exmandatario de Ecuador.<\/p>\n<p>Durante la entrevista, Agui\u00f1aga indic\u00f3 que ella se ha quedado en el pa\u00eds defendiendo el proyecto pol\u00edtico mientras otros se han ido del pa\u00eds. Hasta el momento existen m\u00e1s cruces de tuits entre Correa y Agui\u00f1aga lo que profundiza a\u00fan m\u00e1s la crisis dentro del corre\u00edsmo. (I)<\/p>\n","protected":false},"excerpt":{"rendered":"<p>En su cuenta de X, el expresidente Rafael Correa y l\u00edder del movimiento, Revoluci\u00f3n Ciudadana, reaccion\u00f3 a un post del medio Radio Pichincha af\u00edn al corre\u00edsmo que destacaba la reacci\u00f3n de la prefecta de Guayas, Marcela Agui\u00f1aga sobre dejar el movimiento corre\u00edsta. Correa expres\u00f3: \u00abEsa decisi\u00f3n nostros ya la tomamos\u00bb, indicando la expulsi\u00f3n de Agui\u00f1aga [&hellip;]<\/p>\n","protected":false},"author":1,"featured_media":17666,"comment_status":"open","ping_status":"open","sticky":false,"template":"","format":"standard","meta":{"footnotes":""},"categories":[12],"tags":[],"_links":{"self":[{"href":"https:\/\/infozamoraec.com\/index.php\/wp-json\/wp\/v2\/posts\/17665"}],"collection":[{"href":"https:\/\/infozamoraec.com\/index.php\/wp-json\/wp\/v2\/posts"}],"about":[{"href":"https:\/\/infozamoraec.com\/index.php\/wp-json\/wp\/v2\/types\/post"}],"author":[{"embeddable":true,"href":"https:\/\/infozamoraec.com\/index.php\/wp-json\/wp\/v2\/users\/1"}],"replies":[{"embeddable":true,"href":"https:\/\/infozamoraec.com\/index.php\/wp-json\/wp\/v2\/comments?post=17665"}],"version-history":[{"count":1,"href":"https:\/\/infozamoraec.com\/index.php\/wp-json\/wp\/v2\/posts\/17665\/revisions"}],"predecessor-version":[{"id":17667,"href":"https:\/\/infozamoraec.com\/index.php\/wp-json\/wp\/v2\/posts\/17665\/revisions\/17667"}],"wp:featuredmedia":[{"embeddable":true,"href":"https:\/\/infozamoraec.com\/index.php\/wp-json\/wp\/v2\/media\/17666"}],"wp:attachment":[{"href":"https:\/\/infozamoraec.com\/index.php\/wp-json\/wp\/v2\/media?parent=17665"}],"wp:term":[{"taxonomy":"category","embeddable":true,"href":"https:\/\/infozamoraec.com\/index.php\/wp-json\/wp\/v2\/categories?post=17665"},{"taxonomy":"post_tag","embeddable":true,"href":"https:\/\/infozamoraec.com\/index.php\/wp-json\/wp\/v2\/tags?post=17665"}],"curies":[{"name":"wp","href":"https:\/\/api.w.org\/{rel}","templated":true}]}}