{"id":17662,"date":"2025-12-03T01:58:56","date_gmt":"2025-12-03T01:58:56","guid":{"rendered":"https:\/\/infozamoraec.com\/?p=17662"},"modified":"2025-12-03T01:58:56","modified_gmt":"2025-12-03T01:58:56","slug":"quitenos-llenan-la-plaza-grande-para-dar-serenata-a-noboa","status":"publish","type":"post","link":"https:\/\/infozamoraec.com\/index.php\/2025\/12\/03\/quitenos-llenan-la-plaza-grande-para-dar-serenata-a-noboa\/","title":{"rendered":"Quite\u00f1os llenan la Plaza Grande para dar serenata a Noboa"},"content":{"rendered":"<p>A pocos d\u00edas del inicio de las Fiestas de Quito, el presidente Daniel Noboa recibi\u00f3 en la Plaza Grande la tradicional serenata quite\u00f1a. Se lo vioo acompa\u00f1ado de su vicepresidente Mar\u00eda Jos\u00e9 Pinto, Ministros de Estado coo John Reimberg, Gian Carlo Loffredo y Joohn Reimberg y la Ministra de Relaciones Exteriores, Gabriela Sommerfeld.<\/p>\n<p>Tambi\u00e9n se vio la presencia de varios concejales que acompaa\u00f1or la mandatario entre ellos Wilson Merino. Luego ,Noboa desde el balc\u00f3n indic\u00f3: \u00ab\u2018Los funcionarios que no respetan Quito pronto se ir\u00e1n\u00bb.<\/p>\n<p>\u00abMuy contento de compartir esta serenata con el pueblo quite\u00f1o, a pesar de que ciertos malos funcionarios trataron de parar esto, de cortar esta conexi\u00f3n entre pueblo y el Gobierno\u00bb, expres\u00f3 el presidente.<\/p>\n<p>En el lugar tambi\u00e9n estuvo Mar\u00eda Emilia S\u00e1nchez, Reina de Quito, junto a la Virreina, Joanne Wells, y la Se\u00f1orita Confraternidad, Daniela Foyain. Todos estuvieron saludando a los ciudadanos desde le balc\u00f3n de Carondelet.<\/p>\n<p>Antes del inicio de la serenata se realiz\u00f3 un desfile. Cerca de las 11:30, el presidente Daniel Noboa junto a su esposa Lavinia Valbonesi saludaron desde el balc\u00f3n y se dirigi\u00f3 a los asistentes con un fuerte mensaje para los funcionarios municipales.<\/p>\n<p>Noboa anunci\u00f3 que se realizar\u00e1n grandes obras para Quito. Una de ellas el Museo Nacional, que ser\u00e1 \u00abun orgullo\u00bb para que todo el pa\u00eds pueda ver los tesoros que tenemos y est\u00e1n embodegados, en su mayor\u00eda. Asimismo dijo que cumplir\u00e1 con la parte del Metro, pero primero deber\u00e1 hacerlo el alcalde Pabel Mu\u00f1oz. (I)<\/p>\n","protected":false},"excerpt":{"rendered":"<p>A pocos d\u00edas del inicio de las Fiestas de Quito, el presidente Daniel Noboa recibi\u00f3 en la Plaza Grande la tradicional serenata quite\u00f1a. Se lo vioo acompa\u00f1ado de su vicepresidente Mar\u00eda Jos\u00e9 Pinto, Ministros de Estado coo John Reimberg, Gian Carlo Loffredo y Joohn Reimberg y la Ministra de Relaciones Exteriores, Gabriela Sommerfeld. Tambi\u00e9n se [&hellip;]<\/p>\n","protected":false},"author":1,"featured_media":17663,"comment_status":"open","ping_status":"open","sticky":false,"template":"","format":"standard","meta":{"footnotes":""},"categories":[12],"tags":[],"_links":{"self":[{"href":"https:\/\/infozamoraec.com\/index.php\/wp-json\/wp\/v2\/posts\/17662"}],"collection":[{"href":"https:\/\/infozamoraec.com\/index.php\/wp-json\/wp\/v2\/posts"}],"about":[{"href":"https:\/\/infozamoraec.com\/index.php\/wp-json\/wp\/v2\/types\/post"}],"author":[{"embeddable":true,"href":"https:\/\/infozamoraec.com\/index.php\/wp-json\/wp\/v2\/users\/1"}],"replies":[{"embeddable":true,"href":"https:\/\/infozamoraec.com\/index.php\/wp-json\/wp\/v2\/comments?post=17662"}],"version-history":[{"count":1,"href":"https:\/\/infozamoraec.com\/index.php\/wp-json\/wp\/v2\/posts\/17662\/revisions"}],"predecessor-version":[{"id":17664,"href":"https:\/\/infozamoraec.com\/index.php\/wp-json\/wp\/v2\/posts\/17662\/revisions\/17664"}],"wp:featuredmedia":[{"embeddable":true,"href":"https:\/\/infozamoraec.com\/index.php\/wp-json\/wp\/v2\/media\/17663"}],"wp:attachment":[{"href":"https:\/\/infozamoraec.com\/index.php\/wp-json\/wp\/v2\/media?parent=17662"}],"wp:term":[{"taxonomy":"category","embeddable":true,"href":"https:\/\/infozamoraec.com\/index.php\/wp-json\/wp\/v2\/categories?post=17662"},{"taxonomy":"post_tag","embeddable":true,"href":"https:\/\/infozamoraec.com\/index.php\/wp-json\/wp\/v2\/tags?post=17662"}],"curies":[{"name":"wp","href":"https:\/\/api.w.org\/{rel}","templated":true}]}}