{"id":17651,"date":"2025-12-03T01:46:14","date_gmt":"2025-12-03T01:46:14","guid":{"rendered":"https:\/\/infozamoraec.com\/?p=17651"},"modified":"2025-12-03T01:46:14","modified_gmt":"2025-12-03T01:46:14","slug":"moradores-de-el-limon-expresan-su-rechazo-a-la-instalacion-de-una-antena-de-36-metros-junto-al-parque-central","status":"publish","type":"post","link":"https:\/\/infozamoraec.com\/index.php\/2025\/12\/03\/moradores-de-el-limon-expresan-su-rechazo-a-la-instalacion-de-una-antena-de-36-metros-junto-al-parque-central\/","title":{"rendered":"Moradores de El Lim\u00f3n expresan su rechazo a la instalaci\u00f3n de una antena de 36 metros junto al parque central"},"content":{"rendered":"<p data-start=\"115\" data-end=\"519\">La ma\u00f1ana de este martes 2 de diciembre de 2025, habitantes de la parroquia urbana El Lim\u00f3n acudieron a la sesi\u00f3n del Concejo Municipal para manifestar su preocupaci\u00f3n frente a la instalaci\u00f3n de una antena de telecomunicaciones de 36 metros de altura, proyectada por la empresa Claro en un \u00e1rea contigua al parque central del barrio, un espacio que es utilizado diariamente por ni\u00f1os, j\u00f3venes y familias.<\/p>\n<p data-start=\"521\" data-end=\"831\">Durante la intervenci\u00f3n ciudadana, el presidente del barrio, <strong data-start=\"582\" data-end=\"602\">Leonardo Moncayo<\/strong>, acompa\u00f1ado del morador <strong data-start=\"627\" data-end=\"643\">Marco Garc\u00eda<\/strong>, expuso que la comunidad teme posibles afectaciones a la salud por la radiaci\u00f3n que podr\u00eda emitir la estructura, especialmente considerando la presencia constante de menores en el parque.<\/p>\n<p data-start=\"833\" data-end=\"1022\">Los moradores tambi\u00e9n denunciaron que los trabajos habr\u00edan iniciado sin ning\u00fan proceso de socializaci\u00f3n con la comunidad, pese a tratarse de una obra que impacta directamente en su entorno, asimismo la obra inici\u00f3 a construirse sin permisos municipales. se acot\u00f3.<\/p>\n<p data-start=\"1024\" data-end=\"1356\">Frente a estas inquietudes, la alcaldesa encargada, <strong data-start=\"1076\" data-end=\"1094\">Blanca Carri\u00f3n<\/strong>, solicit\u00f3 la intervenci\u00f3n del arquitecto <strong data-start=\"1136\" data-end=\"1155\">Robinson Sant\u00edn<\/strong>, director del Departamento de\u00a0 Planificaci\u00f3n municipal y\u00a0 responsable de la revisi\u00f3n t\u00e9cnica. El funcionario confirm\u00f3 que la antena <strong data-start=\"1231\" data-end=\"1290\">no cuenta con los permisos municipales correspondientes<\/strong>, requisito indispensable para cualquier instalaci\u00f3n de este tipo.<\/p>\n<p data-start=\"1358\" data-end=\"1551\">Sant\u00edn precis\u00f3 que, entre los documentos obligatorios para autorizar la obra, se encuentra la aprobaci\u00f3n de la comunidad afectada, un procedimiento que \u2014seg\u00fan indic\u00f3\u2014 <strong data-start=\"1525\" data-end=\"1550\">no se habr\u00eda cumplido<\/strong>.<\/p>\n<p data-start=\"1553\" data-end=\"1804\" data-is-last-node=\"\" data-is-only-node=\"\">Los moradores esperan que el Concejo Municipal act\u00fae con base en la normativa vigente y se garantice la participaci\u00f3n ciudadana en decisiones que involucren cambios en el espacio p\u00fablico y posibles riesgos para la salud y el bienestar de la poblaci\u00f3n. (Fuente: Zamora Tv On Line)<\/p>\n","protected":false},"excerpt":{"rendered":"<p>La ma\u00f1ana de este martes 2 de diciembre de 2025, habitantes de la parroquia urbana El Lim\u00f3n acudieron a la sesi\u00f3n del Concejo Municipal para manifestar su preocupaci\u00f3n frente a la instalaci\u00f3n de una antena de telecomunicaciones de 36 metros de altura, proyectada por la empresa Claro en un \u00e1rea contigua al parque central del [&hellip;]<\/p>\n","protected":false},"author":1,"featured_media":17652,"comment_status":"open","ping_status":"open","sticky":false,"template":"","format":"standard","meta":{"footnotes":""},"categories":[9],"tags":[],"_links":{"self":[{"href":"https:\/\/infozamoraec.com\/index.php\/wp-json\/wp\/v2\/posts\/17651"}],"collection":[{"href":"https:\/\/infozamoraec.com\/index.php\/wp-json\/wp\/v2\/posts"}],"about":[{"href":"https:\/\/infozamoraec.com\/index.php\/wp-json\/wp\/v2\/types\/post"}],"author":[{"embeddable":true,"href":"https:\/\/infozamoraec.com\/index.php\/wp-json\/wp\/v2\/users\/1"}],"replies":[{"embeddable":true,"href":"https:\/\/infozamoraec.com\/index.php\/wp-json\/wp\/v2\/comments?post=17651"}],"version-history":[{"count":2,"href":"https:\/\/infozamoraec.com\/index.php\/wp-json\/wp\/v2\/posts\/17651\/revisions"}],"predecessor-version":[{"id":17654,"href":"https:\/\/infozamoraec.com\/index.php\/wp-json\/wp\/v2\/posts\/17651\/revisions\/17654"}],"wp:featuredmedia":[{"embeddable":true,"href":"https:\/\/infozamoraec.com\/index.php\/wp-json\/wp\/v2\/media\/17652"}],"wp:attachment":[{"href":"https:\/\/infozamoraec.com\/index.php\/wp-json\/wp\/v2\/media?parent=17651"}],"wp:term":[{"taxonomy":"category","embeddable":true,"href":"https:\/\/infozamoraec.com\/index.php\/wp-json\/wp\/v2\/categories?post=17651"},{"taxonomy":"post_tag","embeddable":true,"href":"https:\/\/infozamoraec.com\/index.php\/wp-json\/wp\/v2\/tags?post=17651"}],"curies":[{"name":"wp","href":"https:\/\/api.w.org\/{rel}","templated":true}]}}