{"id":17648,"date":"2025-12-03T01:36:51","date_gmt":"2025-12-03T01:36:51","guid":{"rendered":"https:\/\/infozamoraec.com\/?p=17648"},"modified":"2025-12-03T01:38:26","modified_gmt":"2025-12-03T01:38:26","slug":"palanda-celebro-sus-28-anos-de-cantonizacion-con-desfile-civico-militar-y-estudiantil","status":"publish","type":"post","link":"https:\/\/infozamoraec.com\/index.php\/2025\/12\/03\/palanda-celebro-sus-28-anos-de-cantonizacion-con-desfile-civico-militar-y-estudiantil\/","title":{"rendered":"Palanda celebr\u00f3 sus 28 a\u00f1os de cantonizaci\u00f3n con desfile c\u00edvico, militar y estudiantil"},"content":{"rendered":"<p data-start=\"92\" data-end=\"447\">Las calles de Palanda se llenaron de civismo y color la ma\u00f1ana de este martes 2 de diciembre, durante el desfile c\u00edvico, militar y estudiantil organizado en conmemoraci\u00f3n de los 28 a\u00f1os de cantonizaci\u00f3n. El evento reuni\u00f3 a autoridades locales, provinciales y delegaciones de distintos cantones, en una jornada marcada por la unidad y el orgullo ciudadano.<\/p>\n<p data-start=\"449\" data-end=\"726\">El alcalde de Palanda, <strong data-start=\"472\" data-end=\"501\">Segundo Jaramillo Quezada<\/strong>, encabez\u00f3 la ceremonia junto a los concejales del cant\u00f3n. Tambi\u00e9n particip\u00f3 la prefecta de Zamora Chinchipe, <strong data-start=\"611\" data-end=\"629\">Karla Re\u00e1tegui<\/strong>, adem\u00e1s de representantes de las parroquias palandenses y autoridades invitadas de la provincia.<\/p>\n<p data-start=\"728\" data-end=\"1062\">Durante el recorrido, instituciones educativas, entidades p\u00fablicas, organizaciones civiles y cuerpos militares mostraron su compromiso con el desarrollo del cant\u00f3n. Bandas de paz, comparsas, estandartes y delegaciones estudiantiles aportaron un ambiente solemne y festivo que destac\u00f3 la identidad cultural de esta localidad amaz\u00f3nica.<\/p>\n<p data-start=\"1064\" data-end=\"1177\">El desfile culmin\u00f3 entre aplausos y muestras de orgullo, reflejando el esp\u00edritu c\u00edvico que caracteriza a Palanda.<\/p>\n<p data-start=\"1179\" data-end=\"1233\"><strong data-start=\"1179\" data-end=\"1233\">Sesi\u00f3n solemne marc\u00f3 el cierre de las festividades<\/strong><\/p>\n<p data-start=\"1235\" data-end=\"1532\">En horas de la tarde, la cancha Las Guaduas fue el escenario de la sesi\u00f3n solemne por las festividades de cantonizaci\u00f3n. Durante el acto se entregaron placas de reconocimiento a ciudadanos, instituciones y actores locales que han contribuido al crecimiento del cant\u00f3n con su esfuerzo y compromiso.<\/p>\n<p data-start=\"1534\" data-end=\"1809\">La ceremonia congreg\u00f3 a autoridades, invitados especiales y moradores, quienes participaron en un ambiente de respeto y gratitud. Los reconocimientos resaltaron el trabajo comunitario y la dedicaci\u00f3n de quienes, desde distintos espacios, aportan al bienestar de la poblaci\u00f3n.<\/p>\n<p data-start=\"1811\" data-end=\"1991\" data-is-last-node=\"\" data-is-only-node=\"\">Con este evento, Palanda <strong data-start=\"1836\" data-end=\"1912\">cerr\u00f3 oficialmente la agenda\u00a0 c\u00edvica en el marco de las festividades de cantonizaci\u00f3n<\/strong>, reafirmando su identidad, unidad y visi\u00f3n de progreso para los pr\u00f3ximos a\u00f1os.<\/p>\n","protected":false},"excerpt":{"rendered":"<p>Las calles de Palanda se llenaron de civismo y color la ma\u00f1ana de este martes 2 de diciembre, durante el desfile c\u00edvico, militar y estudiantil organizado en conmemoraci\u00f3n de los 28 a\u00f1os de cantonizaci\u00f3n. El evento reuni\u00f3 a autoridades locales, provinciales y delegaciones de distintos cantones, en una jornada marcada por la unidad y el [&hellip;]<\/p>\n","protected":false},"author":1,"featured_media":17649,"comment_status":"open","ping_status":"open","sticky":false,"template":"","format":"standard","meta":{"footnotes":""},"categories":[9],"tags":[],"_links":{"self":[{"href":"https:\/\/infozamoraec.com\/index.php\/wp-json\/wp\/v2\/posts\/17648"}],"collection":[{"href":"https:\/\/infozamoraec.com\/index.php\/wp-json\/wp\/v2\/posts"}],"about":[{"href":"https:\/\/infozamoraec.com\/index.php\/wp-json\/wp\/v2\/types\/post"}],"author":[{"embeddable":true,"href":"https:\/\/infozamoraec.com\/index.php\/wp-json\/wp\/v2\/users\/1"}],"replies":[{"embeddable":true,"href":"https:\/\/infozamoraec.com\/index.php\/wp-json\/wp\/v2\/comments?post=17648"}],"version-history":[{"count":1,"href":"https:\/\/infozamoraec.com\/index.php\/wp-json\/wp\/v2\/posts\/17648\/revisions"}],"predecessor-version":[{"id":17650,"href":"https:\/\/infozamoraec.com\/index.php\/wp-json\/wp\/v2\/posts\/17648\/revisions\/17650"}],"wp:featuredmedia":[{"embeddable":true,"href":"https:\/\/infozamoraec.com\/index.php\/wp-json\/wp\/v2\/media\/17649"}],"wp:attachment":[{"href":"https:\/\/infozamoraec.com\/index.php\/wp-json\/wp\/v2\/media?parent=17648"}],"wp:term":[{"taxonomy":"category","embeddable":true,"href":"https:\/\/infozamoraec.com\/index.php\/wp-json\/wp\/v2\/categories?post=17648"},{"taxonomy":"post_tag","embeddable":true,"href":"https:\/\/infozamoraec.com\/index.php\/wp-json\/wp\/v2\/tags?post=17648"}],"curies":[{"name":"wp","href":"https:\/\/api.w.org\/{rel}","templated":true}]}}