{"id":1764,"date":"2024-03-16T15:09:59","date_gmt":"2024-03-16T15:09:59","guid":{"rendered":"https:\/\/infozamoraec.com\/?p=1764"},"modified":"2024-03-16T15:09:59","modified_gmt":"2024-03-16T15:09:59","slug":"noboa-firma-decreto-de-iva-al-15","status":"publish","type":"post","link":"https:\/\/infozamoraec.com\/index.php\/2024\/03\/16\/noboa-firma-decreto-de-iva-al-15\/","title":{"rendered":"Noboa firma decreto de IVA al 15%"},"content":{"rendered":"<p>El presidente\u00a0Daniel Noboa\u00a0confirm\u00f3 hoy, viernes 23 de febrero, en entrevistas con medios de comunicaci\u00f3n, que el\u00a0IVA ser\u00e1 del 15%\u00a0desde el 1 de abril y que ya ha firmado el respectivo decreto presidencial.<\/p>\n<div class=\"mh-content-ad\"><ins id=\"revive-0-2\" data-revive-zoneid=\"2931\" data-revive-id=\"727bec5e09208690b050ccfc6a45d384\" data-revive-seq=\"2\" data-revive-loaded=\"1\"><\/p>\n<div id=\"beacon_f1382dd435\"><img decoding=\"async\" src=\"https:\/\/servedby.revive-adserver.net\/lg.php?bannerid=0&amp;campaignid=0&amp;zoneid=2931&amp;loc=https%3A%2F%2Fwww.larepublica.ec%2Fblog%2F2024%2F03%2F15%2Fnoboa-firma-decreto-de-iva-al-15%2F&amp;referer=https%3A%2F%2Fwww.larepublica.ec%2F&amp;cb=f1382dd435\" alt=\"\" width=\"0\" height=\"0\" \/>Sobre el nuevo rubro del impuesto, pues hubo contracciones, puesto que el\u00a0ministro de Finanzas,\u00a0<strong>Juan Carlos Vega<\/strong>, ya hab\u00eda anunciado el 21 de febrero que \u00abel\u00a0<strong>impuesto subir\u00eda al 15%<\/strong>, pero luego se difundi\u00f3 que se equivoc\u00f3 y que se mantendr\u00eda en el 13%\u00bb.<\/div>\n<p><\/ins><\/div>\n<p>Por ello, el mandatario explic\u00f3 que la<strong>\u00a0\u00absituaci\u00f3n del pa\u00eds amerita la subida del IVA\u00a0<\/strong>por las inundaciones debido a las intensas lluvias, el atraso en pagos a municipios y prefecturas, entre otros problemas\u00bb y que el impuesto ir\u00e1 bajando dependiendo de la evoluci\u00f3n de la econom\u00eda del pa\u00eds.<\/p>\n<p>\u00abEsperemos que antes del pr\u00f3ximo periodo, ser\u00eda lo ideal, la econom\u00eda tiene que reactivarse para ir bajando el IVA\u00bb, expres\u00f3 Noboa.<\/p>\n<p>Esta decisi\u00f3n se da tras la aplicaci\u00f3n de la<strong>\u00a0Ley para enfrentar el Conflicto Armado Interno<\/strong>, que precisa que \u00abel alza del IVA y otros tributos, establece que el IVA ser\u00e1 del 13% de manera permanente, pero puede subir\u00a0<strong>hasta m\u00e1ximo el 15%<\/strong>\u00a0cuando el Presidente lo considere necesario, previo informe favorable del Ministerio de Finanzas\u00bb, reza el documento oficial.<\/p>\n<p>La entrada en<strong>\u00a0vigencia de esta ley<\/strong>\u00a0ser\u00e1 desde principios de marzo con el IVA del 13% y desde abril ser\u00e1 del 15%.<\/p>\n<p>La Rep\u00fablica<\/p>\n","protected":false},"excerpt":{"rendered":"<p>El presidente\u00a0Daniel Noboa\u00a0confirm\u00f3 hoy, viernes 23 de febrero, en entrevistas con medios de comunicaci\u00f3n, que el\u00a0IVA ser\u00e1 del 15%\u00a0desde el 1 de abril y que ya ha firmado el respectivo decreto presidencial. Sobre el nuevo rubro del impuesto, pues hubo contracciones, puesto que el\u00a0ministro de Finanzas,\u00a0Juan Carlos Vega, ya hab\u00eda anunciado el 21 de febrero [&hellip;]<\/p>\n","protected":false},"author":1,"featured_media":1765,"comment_status":"open","ping_status":"open","sticky":false,"template":"","format":"standard","meta":{"footnotes":""},"categories":[12],"tags":[],"_links":{"self":[{"href":"https:\/\/infozamoraec.com\/index.php\/wp-json\/wp\/v2\/posts\/1764"}],"collection":[{"href":"https:\/\/infozamoraec.com\/index.php\/wp-json\/wp\/v2\/posts"}],"about":[{"href":"https:\/\/infozamoraec.com\/index.php\/wp-json\/wp\/v2\/types\/post"}],"author":[{"embeddable":true,"href":"https:\/\/infozamoraec.com\/index.php\/wp-json\/wp\/v2\/users\/1"}],"replies":[{"embeddable":true,"href":"https:\/\/infozamoraec.com\/index.php\/wp-json\/wp\/v2\/comments?post=1764"}],"version-history":[{"count":3,"href":"https:\/\/infozamoraec.com\/index.php\/wp-json\/wp\/v2\/posts\/1764\/revisions"}],"predecessor-version":[{"id":1769,"href":"https:\/\/infozamoraec.com\/index.php\/wp-json\/wp\/v2\/posts\/1764\/revisions\/1769"}],"wp:featuredmedia":[{"embeddable":true,"href":"https:\/\/infozamoraec.com\/index.php\/wp-json\/wp\/v2\/media\/1765"}],"wp:attachment":[{"href":"https:\/\/infozamoraec.com\/index.php\/wp-json\/wp\/v2\/media?parent=1764"}],"wp:term":[{"taxonomy":"category","embeddable":true,"href":"https:\/\/infozamoraec.com\/index.php\/wp-json\/wp\/v2\/categories?post=1764"},{"taxonomy":"post_tag","embeddable":true,"href":"https:\/\/infozamoraec.com\/index.php\/wp-json\/wp\/v2\/tags?post=1764"}],"curies":[{"name":"wp","href":"https:\/\/api.w.org\/{rel}","templated":true}]}}