{"id":17639,"date":"2025-12-02T01:34:44","date_gmt":"2025-12-02T01:34:44","guid":{"rendered":"https:\/\/infozamoraec.com\/?p=17639"},"modified":"2025-12-02T01:34:44","modified_gmt":"2025-12-02T01:34:44","slug":"hijo-del-chapo-se-declara-culpable-de-narcotrafico-en-eeuu","status":"publish","type":"post","link":"https:\/\/infozamoraec.com\/index.php\/2025\/12\/02\/hijo-del-chapo-se-declara-culpable-de-narcotrafico-en-eeuu\/","title":{"rendered":"Hijo del Chapo se declara culpable de narcotr\u00e1fico en EEUU"},"content":{"rendered":"<p>Joaqu\u00edn Guzm\u00e1n L\u00f3pez, uno de los hijos del narcotraficante mexicano Joaqu\u00edn \u00abEl Chapo\u00bb Guzm\u00e1n, se declar\u00f3 culpable de cargos de narcotr\u00e1fico ante un tribunal estadounidense este lunes (01.12.2025), meses despu\u00e9s de que su hermano Ovidio llegara a un acuerdo judicial similar, reportaron medios locales.<\/p>\n<p>El acusado compareci\u00f3 ante un tribunal federal de Chicago a primera hora de la tarde y cambi\u00f3 su declaraci\u00f3n anterior en el caso, seg\u00fan el diario Chicago Tribune.<\/p>\n<p>Tras su detenci\u00f3n en Texas en julio de 2024, Guzm\u00e1n L\u00f3pez hab\u00eda negado ser culpable de delitos de narcotr\u00e1fico, blanqueo de dinero y uso de armas de fuego en el seno del cartel de Sinaloa.<\/p>\n<p>La justicia estadounidense lo acusa de haber formado con sus tres hermanos la facci\u00f3n del cartel conocida como \u00abLos Chapitos\u00bb. Este grupo retom\u00f3 las actividades del \u00abChapo\u00bb, condenado a cadena perpetua en Estados Unidos desde 2019.<\/p>\n<p>La polic\u00eda detuvo a Guzm\u00e1n L\u00f3pez, de 39 a\u00f1os, despu\u00e9s de que aterrizara en Texas en una avioneta con el cofundador del cartel, Ismael \u00abel Mayo\u00bb Zambada. Al declararse culpable, Guzm\u00e1n L\u00f3pez confirm\u00f3 por primera vez que hab\u00eda enga\u00f1ado a Zambada para secuestrarlo, al decirle que necesitaba ayuda para resolver una disputa, indic\u00f3 el Chicago Tribune.<\/p>\n<p>El hijo del Chapo admiti\u00f3 en su declaraci\u00f3n de culpabilidad que hab\u00eda raptado a Zambada, entonces uno de los hombres m\u00e1s buscados del mundo, \u00abcon la esperanza\u00bb de obtener cierta indulgencia por parte del gobierno estadounidense, agreg\u00f3 el medio.<\/p>\n<p>rr afp\/ap<\/p>\n","protected":false},"excerpt":{"rendered":"<p>Joaqu\u00edn Guzm\u00e1n L\u00f3pez, uno de los hijos del narcotraficante mexicano Joaqu\u00edn \u00abEl Chapo\u00bb Guzm\u00e1n, se declar\u00f3 culpable de cargos de narcotr\u00e1fico ante un tribunal estadounidense este lunes (01.12.2025), meses despu\u00e9s de que su hermano Ovidio llegara a un acuerdo judicial similar, reportaron medios locales. El acusado compareci\u00f3 ante un tribunal federal de Chicago a primera [&hellip;]<\/p>\n","protected":false},"author":1,"featured_media":17640,"comment_status":"open","ping_status":"open","sticky":false,"template":"","format":"standard","meta":{"footnotes":""},"categories":[8],"tags":[],"_links":{"self":[{"href":"https:\/\/infozamoraec.com\/index.php\/wp-json\/wp\/v2\/posts\/17639"}],"collection":[{"href":"https:\/\/infozamoraec.com\/index.php\/wp-json\/wp\/v2\/posts"}],"about":[{"href":"https:\/\/infozamoraec.com\/index.php\/wp-json\/wp\/v2\/types\/post"}],"author":[{"embeddable":true,"href":"https:\/\/infozamoraec.com\/index.php\/wp-json\/wp\/v2\/users\/1"}],"replies":[{"embeddable":true,"href":"https:\/\/infozamoraec.com\/index.php\/wp-json\/wp\/v2\/comments?post=17639"}],"version-history":[{"count":1,"href":"https:\/\/infozamoraec.com\/index.php\/wp-json\/wp\/v2\/posts\/17639\/revisions"}],"predecessor-version":[{"id":17641,"href":"https:\/\/infozamoraec.com\/index.php\/wp-json\/wp\/v2\/posts\/17639\/revisions\/17641"}],"wp:featuredmedia":[{"embeddable":true,"href":"https:\/\/infozamoraec.com\/index.php\/wp-json\/wp\/v2\/media\/17640"}],"wp:attachment":[{"href":"https:\/\/infozamoraec.com\/index.php\/wp-json\/wp\/v2\/media?parent=17639"}],"wp:term":[{"taxonomy":"category","embeddable":true,"href":"https:\/\/infozamoraec.com\/index.php\/wp-json\/wp\/v2\/categories?post=17639"},{"taxonomy":"post_tag","embeddable":true,"href":"https:\/\/infozamoraec.com\/index.php\/wp-json\/wp\/v2\/tags?post=17639"}],"curies":[{"name":"wp","href":"https:\/\/api.w.org\/{rel}","templated":true}]}}