{"id":17629,"date":"2025-12-02T01:29:59","date_gmt":"2025-12-02T01:29:59","guid":{"rendered":"https:\/\/infozamoraec.com\/?p=17629"},"modified":"2025-12-02T01:29:59","modified_gmt":"2025-12-02T01:29:59","slug":"noboa-tendra-su-propia-serenata-quitena-afirma-ministra-de-gobierno","status":"publish","type":"post","link":"https:\/\/infozamoraec.com\/index.php\/2025\/12\/02\/noboa-tendra-su-propia-serenata-quitena-afirma-ministra-de-gobierno\/","title":{"rendered":"Noboa tendr\u00e1 su propia serenata quite\u00f1a, afirma ministra de Gobierno"},"content":{"rendered":"<p>El presidente Daniel Noboa tendr\u00e1 su propia serenata quite\u00f1a este martes, 2 de diciembre de 2025. . La decisi\u00f3ncse tom\u00f3 luego de que el alcalde corre\u00edsta Pabel Mu\u00f1oz, confirmara que este a\u00f1o la tradicional celebraci\u00f3n conjunta no se llevar\u00e1 a cabo debido a que el proceso de contrataci\u00f3n qued\u00f3 detenido en el Servicio Nacional de Contrataci\u00f3n P\u00fablica (Sercop).<\/p>\n<p>El evento para el presidente ser\u00e1 a las 10:00 en la Plaza de la Independencia, frente al Palacio de Carondelet, y contar\u00e1 con la presencia de simpatizantes del Gobierno, seg\u00fan la invitaci\u00f3n difundida este domingo 30 de noviembre. A\u00fan no se ha confirmado la cartelera de artistas.<\/p>\n<p>La iniciativa se da en medio de la disputa pol\u00edtica que mantienen Mu\u00f1oz y Noboa.<\/p>\n<p>El 26 de noviembre, Mu\u00f1oz anunci\u00f3 que la serenata quite\u00f1a organizada tradicionalmente en Carondelet no se realizar\u00e1 este a\u00f1o. Mu\u00f1oz a\u00f1adi\u00f3 \u00ab(No) tengo los recursos para montar la serenata quite\u00f1a, porque el proceso sigue detenido y, siendo 26 de noviembre, ya no alcanzamos\u00bb en una entrevista radial. (I)<\/p>\n","protected":false},"excerpt":{"rendered":"<p>El presidente Daniel Noboa tendr\u00e1 su propia serenata quite\u00f1a este martes, 2 de diciembre de 2025. . La decisi\u00f3ncse tom\u00f3 luego de que el alcalde corre\u00edsta Pabel Mu\u00f1oz, confirmara que este a\u00f1o la tradicional celebraci\u00f3n conjunta no se llevar\u00e1 a cabo debido a que el proceso de contrataci\u00f3n qued\u00f3 detenido en el Servicio Nacional de [&hellip;]<\/p>\n","protected":false},"author":1,"featured_media":17630,"comment_status":"open","ping_status":"open","sticky":false,"template":"","format":"standard","meta":{"footnotes":""},"categories":[12],"tags":[],"_links":{"self":[{"href":"https:\/\/infozamoraec.com\/index.php\/wp-json\/wp\/v2\/posts\/17629"}],"collection":[{"href":"https:\/\/infozamoraec.com\/index.php\/wp-json\/wp\/v2\/posts"}],"about":[{"href":"https:\/\/infozamoraec.com\/index.php\/wp-json\/wp\/v2\/types\/post"}],"author":[{"embeddable":true,"href":"https:\/\/infozamoraec.com\/index.php\/wp-json\/wp\/v2\/users\/1"}],"replies":[{"embeddable":true,"href":"https:\/\/infozamoraec.com\/index.php\/wp-json\/wp\/v2\/comments?post=17629"}],"version-history":[{"count":1,"href":"https:\/\/infozamoraec.com\/index.php\/wp-json\/wp\/v2\/posts\/17629\/revisions"}],"predecessor-version":[{"id":17631,"href":"https:\/\/infozamoraec.com\/index.php\/wp-json\/wp\/v2\/posts\/17629\/revisions\/17631"}],"wp:featuredmedia":[{"embeddable":true,"href":"https:\/\/infozamoraec.com\/index.php\/wp-json\/wp\/v2\/media\/17630"}],"wp:attachment":[{"href":"https:\/\/infozamoraec.com\/index.php\/wp-json\/wp\/v2\/media?parent=17629"}],"wp:term":[{"taxonomy":"category","embeddable":true,"href":"https:\/\/infozamoraec.com\/index.php\/wp-json\/wp\/v2\/categories?post=17629"},{"taxonomy":"post_tag","embeddable":true,"href":"https:\/\/infozamoraec.com\/index.php\/wp-json\/wp\/v2\/tags?post=17629"}],"curies":[{"name":"wp","href":"https:\/\/api.w.org\/{rel}","templated":true}]}}