{"id":17626,"date":"2025-12-02T01:28:41","date_gmt":"2025-12-02T01:28:41","guid":{"rendered":"https:\/\/infozamoraec.com\/?p=17626"},"modified":"2025-12-02T01:28:41","modified_gmt":"2025-12-02T01:28:41","slug":"fiscalia-allana-casa-y-oficina-de-abogados-de-jordan-dentro-del-caso-magnicidio-fv","status":"publish","type":"post","link":"https:\/\/infozamoraec.com\/index.php\/2025\/12\/02\/fiscalia-allana-casa-y-oficina-de-abogados-de-jordan-dentro-del-caso-magnicidio-fv\/","title":{"rendered":"Fiscal\u00eda allana casa y oficina de abogados de Jord\u00e1n dentro del caso \u2018Magnicidio FV\u2019"},"content":{"rendered":"<p>La Fiscal\u00eda General del Estado (FGE) en el marco de la investigaci\u00f3n tras el asesinato del excandidato presidencial Fernando Villavicencio, una juez de Azuay autoriz\u00f3 el allanamiento a los domicilios de dos abogados del procesado Xavier Jord\u00e1n.<\/p>\n<p>El Ministerio P\u00fablico sospecha que el repentino cambio de postura de un testigo estar\u00eda relacionado con una presunta asociaci\u00f3n il\u00edcita para desacreditar el caso Magnicidio FV.<\/p>\n<p>De este modo, en Cuenca, fueron allanadas las viviendas de los abogados Juan Carlos Salazar y Jes\u00fas Naranjo, defensores de Jord\u00e1n, quien est\u00e1 pr\u00f3fugo por el caso \u2018Met\u00e1stasis\u2018 y es procesado por el asesinato de Villavicencio. La informaci\u00f3n fue dada por el propio Jord\u00e1n, que public\u00f3 la orden de allanamiento, la cual seg\u00fan se lee adem\u00e1s permiti\u00f3 que se detengan dispositivos electr\u00f3nicos.<\/p>\n<p>La diligencia se enmarca en una nueva investigaci\u00f3n abierta por la Fiscal\u00eda por el delito de asociaci\u00f3n il\u00edcita, en contra de Jord\u00e1n; su abogado estadounidense, Richard D\u00edaz; y Marcelo Lasso Saavedra. Este \u00faltimo era testigo de la FGE, pero apareci\u00f3 retract\u00e1ndose en una versi\u00f3n privada, recabada por D\u00edaz al margen del proceso penal.<\/p>\n<p>Las sospechas de fiscal\u00eda se dan por el\u00a0<a title=\"cambio en el testimonio de Marcelo Lasso, quien no posee ninguna relaci\u00f3n de parentezco con el expresidente Guillermo Lasso\" href=\"https:\/\/www.larepublica.ec\/blog\/2025\/11\/25\/testigo-en-el-caso-magnicidio-dice-que-xavier-jordan-le-ofrecio-dinero-y-proteccion-a-cambio-de-acusar-a-lasso\/\" target=\"_blank\" rel=\"noopener\">cambio en el testimonio de Marcelo Lasso, quien no posee ninguna relaci\u00f3n de parentezco con el expresidente Guillermo Lasso<\/a>, lo que evidenciar\u00ed<strong>a conductas delictivas y que formar\u00eda parte de un plan para deslegitimar la investigaci\u00f3n.<\/strong><\/p>\n<p>Por ello se estima que los abogados Salazar y Naranjo tendr\u00edan informaci\u00f3n relevante sobre estos hechos, motivo por el cual solicit\u00f3 el allanamiento.<\/p>\n<p>\u00abEst\u00e1n haciendo ver que ha podido existir compra de conciencia. Y eso demuestra la actuaci\u00f3n que ellos tienen\u00bb, se\u00f1al\u00f3\u00a0<strong>Patricio Rosero, abogado de las hijas de Fernando Villavicencio.<\/strong><\/p>\n<p>Mientras en su cuenta de X,<strong>\u00a0Jord\u00e1n cuestion\u00f3 el allanamiento a sus abogados y afirm\u00f3 que se trata de una persecuci\u00f3n.<\/strong>\u00a0(I)<\/p>\n","protected":false},"excerpt":{"rendered":"<p>La Fiscal\u00eda General del Estado (FGE) en el marco de la investigaci\u00f3n tras el asesinato del excandidato presidencial Fernando Villavicencio, una juez de Azuay autoriz\u00f3 el allanamiento a los domicilios de dos abogados del procesado Xavier Jord\u00e1n. El Ministerio P\u00fablico sospecha que el repentino cambio de postura de un testigo estar\u00eda relacionado con una presunta [&hellip;]<\/p>\n","protected":false},"author":1,"featured_media":17627,"comment_status":"open","ping_status":"open","sticky":false,"template":"","format":"standard","meta":{"footnotes":""},"categories":[12],"tags":[],"_links":{"self":[{"href":"https:\/\/infozamoraec.com\/index.php\/wp-json\/wp\/v2\/posts\/17626"}],"collection":[{"href":"https:\/\/infozamoraec.com\/index.php\/wp-json\/wp\/v2\/posts"}],"about":[{"href":"https:\/\/infozamoraec.com\/index.php\/wp-json\/wp\/v2\/types\/post"}],"author":[{"embeddable":true,"href":"https:\/\/infozamoraec.com\/index.php\/wp-json\/wp\/v2\/users\/1"}],"replies":[{"embeddable":true,"href":"https:\/\/infozamoraec.com\/index.php\/wp-json\/wp\/v2\/comments?post=17626"}],"version-history":[{"count":1,"href":"https:\/\/infozamoraec.com\/index.php\/wp-json\/wp\/v2\/posts\/17626\/revisions"}],"predecessor-version":[{"id":17628,"href":"https:\/\/infozamoraec.com\/index.php\/wp-json\/wp\/v2\/posts\/17626\/revisions\/17628"}],"wp:featuredmedia":[{"embeddable":true,"href":"https:\/\/infozamoraec.com\/index.php\/wp-json\/wp\/v2\/media\/17627"}],"wp:attachment":[{"href":"https:\/\/infozamoraec.com\/index.php\/wp-json\/wp\/v2\/media?parent=17626"}],"wp:term":[{"taxonomy":"category","embeddable":true,"href":"https:\/\/infozamoraec.com\/index.php\/wp-json\/wp\/v2\/categories?post=17626"},{"taxonomy":"post_tag","embeddable":true,"href":"https:\/\/infozamoraec.com\/index.php\/wp-json\/wp\/v2\/tags?post=17626"}],"curies":[{"name":"wp","href":"https:\/\/api.w.org\/{rel}","templated":true}]}}