{"id":17622,"date":"2025-12-02T01:26:35","date_gmt":"2025-12-02T01:26:35","guid":{"rendered":"https:\/\/infozamoraec.com\/?p=17622"},"modified":"2025-12-02T01:26:35","modified_gmt":"2025-12-02T01:26:35","slug":"asambleistas-se-van-de-vacaciones-desde-el-22-de-diciembre-hasta-el-5-de-enero-de-2026","status":"publish","type":"post","link":"https:\/\/infozamoraec.com\/index.php\/2025\/12\/02\/asambleistas-se-van-de-vacaciones-desde-el-22-de-diciembre-hasta-el-5-de-enero-de-2026\/","title":{"rendered":"Asamble\u00edstas se van de vacaciones desde el 22 de diciembre hasta el 5 de enero de 2026"},"content":{"rendered":"<p>El Consejo de Administraci\u00f3n Legislativa (CAL) aprob\u00f3 el periodo de vacancia legislativa desde el 22 de diciembre de 2025 hasta el 5 de enero de 2026.<\/p>\n<p>La resoluci\u00f3n aprobada este 1 de diciembre, en su primer art\u00edculo, se\u00f1ala declarar receso parlamentario desde el lunes 22 de diciembre de 2025 hasta el lunes 5 de enero de 2026 (inclusive) para los asamble\u00edstas que est\u00e1n en ejercicio de sus funciones en la Asamblea Nacional; as\u00ed como para las sesiones del pleno de la Asamblea; de las Comisiones Especializadas Permanentes y Ocasionales; reuniones de grupos parlamentarios tem\u00e1ticos y grupos interparlamentarios de amistad; del Comit\u00e9 de \u00c9tica; sesiones del Consejo de Administraci\u00f3n Legislativa y para toda actividad legislativa.<\/p>\n<p>Para declarar el periodo de receso, la Asamblea Nacional se acoge a lo que determina el art\u00edculo 123 de la Constituci\u00f3n, que determina que la Funci\u00f3n Legislativa tendr\u00e1 dos recesos al a\u00f1o de quince d\u00edas cada uno.<\/p>\n<p>Durante el tiempo de receso, el presidente de la Asamblea Nacional, por s\u00ed, a petici\u00f3n de la mayor\u00eda de los miembros de la Asamblea o del presidente de la Rep\u00fablica, convocar\u00e1 a periodos extraordinarios de sesiones para conocer exclusivamente los asuntos espec\u00edficos se\u00f1alados en la convocatoria.<\/p>\n<p>Cualquier proyecto de ley en tr\u00e1mite o juicio pol\u00edtico en curso deber\u00e1 esperar hasta el regreso del periodo de vacaciones de los legisladores. Todos los plazos que discurren se suspenden.<\/p>\n","protected":false},"excerpt":{"rendered":"<p>El Consejo de Administraci\u00f3n Legislativa (CAL) aprob\u00f3 el periodo de vacancia legislativa desde el 22 de diciembre de 2025 hasta el 5 de enero de 2026. La resoluci\u00f3n aprobada este 1 de diciembre, en su primer art\u00edculo, se\u00f1ala declarar receso parlamentario desde el lunes 22 de diciembre de 2025 hasta el lunes 5 de enero [&hellip;]<\/p>\n","protected":false},"author":1,"featured_media":17623,"comment_status":"open","ping_status":"open","sticky":false,"template":"","format":"standard","meta":{"footnotes":""},"categories":[12],"tags":[],"_links":{"self":[{"href":"https:\/\/infozamoraec.com\/index.php\/wp-json\/wp\/v2\/posts\/17622"}],"collection":[{"href":"https:\/\/infozamoraec.com\/index.php\/wp-json\/wp\/v2\/posts"}],"about":[{"href":"https:\/\/infozamoraec.com\/index.php\/wp-json\/wp\/v2\/types\/post"}],"author":[{"embeddable":true,"href":"https:\/\/infozamoraec.com\/index.php\/wp-json\/wp\/v2\/users\/1"}],"replies":[{"embeddable":true,"href":"https:\/\/infozamoraec.com\/index.php\/wp-json\/wp\/v2\/comments?post=17622"}],"version-history":[{"count":2,"href":"https:\/\/infozamoraec.com\/index.php\/wp-json\/wp\/v2\/posts\/17622\/revisions"}],"predecessor-version":[{"id":17625,"href":"https:\/\/infozamoraec.com\/index.php\/wp-json\/wp\/v2\/posts\/17622\/revisions\/17625"}],"wp:featuredmedia":[{"embeddable":true,"href":"https:\/\/infozamoraec.com\/index.php\/wp-json\/wp\/v2\/media\/17623"}],"wp:attachment":[{"href":"https:\/\/infozamoraec.com\/index.php\/wp-json\/wp\/v2\/media?parent=17622"}],"wp:term":[{"taxonomy":"category","embeddable":true,"href":"https:\/\/infozamoraec.com\/index.php\/wp-json\/wp\/v2\/categories?post=17622"},{"taxonomy":"post_tag","embeddable":true,"href":"https:\/\/infozamoraec.com\/index.php\/wp-json\/wp\/v2\/tags?post=17622"}],"curies":[{"name":"wp","href":"https:\/\/api.w.org\/{rel}","templated":true}]}}