{"id":17599,"date":"2025-11-29T13:26:42","date_gmt":"2025-11-29T13:26:42","guid":{"rendered":"https:\/\/infozamoraec.com\/?p=17599"},"modified":"2025-11-29T13:26:42","modified_gmt":"2025-11-29T13:26:42","slug":"zamora-chinchipe-impulsa-la-conservacion-y-la-produccion-sostenible-en-la-ii-feria-de-bosques-protectores","status":"publish","type":"post","link":"https:\/\/infozamoraec.com\/index.php\/2025\/11\/29\/zamora-chinchipe-impulsa-la-conservacion-y-la-produccion-sostenible-en-la-ii-feria-de-bosques-protectores\/","title":{"rendered":"Zamora Chinchipe impulsa la conservaci\u00f3n y la producci\u00f3n sostenible en la II Feria de Bosques Protectores"},"content":{"rendered":"<p data-start=\"111\" data-end=\"395\">En la ciudad de Zamora se desarroll\u00f3 la <strong data-start=\"151\" data-end=\"186\">II Feria de Bosques Protectores<\/strong>, un espacio que reuni\u00f3 a m\u00e1s de <strong data-start=\"219\" data-end=\"241\">20 emprendimientos<\/strong> vinculados directamente a estas \u00e1reas de conservaci\u00f3n, destacando el potencial productivo y ambiental que ofrecen los bosques protegidos de la provincia.<\/p>\n<p data-start=\"397\" data-end=\"708\">La jornada evidenci\u00f3 c\u00f3mo los <strong data-start=\"427\" data-end=\"454\">servicios ecosist\u00e9micos<\/strong> generados por los Bosques Protectores se han convertido en un pilar clave para garantizar una <strong data-start=\"549\" data-end=\"574\">producci\u00f3n sostenible<\/strong>, tanto en cantidad como en calidad, fortaleciendo a productores locales y promoviendo modelos econ\u00f3micos responsables con el entorno.<\/p>\n<p data-start=\"710\" data-end=\"1012\">El <strong data-start=\"713\" data-end=\"757\">director de Bosques,Milton Ord\u00f3\u00f1ez<\/strong>, resalt\u00f3 el <strong data-start=\"770\" data-end=\"808\">modelo de gobernanza participativa<\/strong> que caracteriza a estas \u00e1reas, donde la intervenci\u00f3n activa de los actores locales ha permitido consolidar una gesti\u00f3n eficiente y resultados positivos, especialmente en el territorio de la Amazon\u00eda Sur.<\/p>\n<p data-start=\"1014\" data-end=\"1306\">\u201cLa articulaci\u00f3n entre conservaci\u00f3n y desarrollo productivo es un camino que estamos construyendo junto a las comunidades\u201d, se\u00f1al\u00f3 Ord\u00f3\u00f1ez, destacando que esta visi\u00f3n conjunta ha permitido fortalecer el uso sostenible de los recursos naturales y promover alternativas econ\u00f3micas responsables.<\/p>\n<p data-start=\"1308\" data-end=\"1859\">La feria fue posible gracias al apoyo de diversas instituciones p\u00fablicas y organizaciones aliadas, entre ellas la <strong data-start=\"1422\" data-end=\"1457\">Gobernaci\u00f3n de Zamora Chinchipe<\/strong>, <strong data-start=\"1459\" data-end=\"1489\">Parque Nacional Podocarpus<\/strong>, <strong data-start=\"1491\" data-end=\"1527\">Reserva Biol\u00f3gica Cerro Plateado<\/strong>, <strong data-start=\"1529\" data-end=\"1567\">Refugio de Vida Silvestre El Zarza<\/strong>, <strong data-start=\"1569\" data-end=\"1606\">GAD Municipal de Zamora 2023-2027<\/strong>, <strong data-start=\"1608\" data-end=\"1648\">GAD Parroquial de Victoria de Imbana<\/strong>, <strong data-start=\"1650\" data-end=\"1681\">GAD Parroquial de Sabanilla<\/strong>, la <strong data-start=\"1686\" data-end=\"1726\">Federaci\u00f3n Shuar de Zamora Chinchipe<\/strong>, el <strong data-start=\"1731\" data-end=\"1752\">Centro Shuar Kiim<\/strong>, <strong data-start=\"1754\" data-end=\"1800\">Naturaleza y Cultura Internacional Ecuador<\/strong>, <strong data-start=\"1802\" data-end=\"1840\">Conservaci\u00f3n Internacional Ecuador<\/strong> y <strong data-start=\"1843\" data-end=\"1858\">Lundin Gold<\/strong>.<\/p>\n<p data-start=\"1861\" data-end=\"2133\" data-is-last-node=\"\" data-is-only-node=\"\">El evento reafirm\u00f3 el compromiso provincial por consolidar a <strong data-start=\"1922\" data-end=\"1942\">Zamora Chinchipe<\/strong> como un referente nacional en <strong data-start=\"1973\" data-end=\"2030\">conservaci\u00f3n, sostenibilidad y producci\u00f3n responsable<\/strong>, promoviendo la participaci\u00f3n comunitaria como eje fundamental para el cuidado del patrimonio natural.<\/p>\n","protected":false},"excerpt":{"rendered":"<p>En la ciudad de Zamora se desarroll\u00f3 la II Feria de Bosques Protectores, un espacio que reuni\u00f3 a m\u00e1s de 20 emprendimientos vinculados directamente a estas \u00e1reas de conservaci\u00f3n, destacando el potencial productivo y ambiental que ofrecen los bosques protegidos de la provincia. La jornada evidenci\u00f3 c\u00f3mo los servicios ecosist\u00e9micos generados por los Bosques Protectores [&hellip;]<\/p>\n","protected":false},"author":1,"featured_media":17600,"comment_status":"open","ping_status":"open","sticky":false,"template":"","format":"standard","meta":{"footnotes":""},"categories":[9],"tags":[],"_links":{"self":[{"href":"https:\/\/infozamoraec.com\/index.php\/wp-json\/wp\/v2\/posts\/17599"}],"collection":[{"href":"https:\/\/infozamoraec.com\/index.php\/wp-json\/wp\/v2\/posts"}],"about":[{"href":"https:\/\/infozamoraec.com\/index.php\/wp-json\/wp\/v2\/types\/post"}],"author":[{"embeddable":true,"href":"https:\/\/infozamoraec.com\/index.php\/wp-json\/wp\/v2\/users\/1"}],"replies":[{"embeddable":true,"href":"https:\/\/infozamoraec.com\/index.php\/wp-json\/wp\/v2\/comments?post=17599"}],"version-history":[{"count":2,"href":"https:\/\/infozamoraec.com\/index.php\/wp-json\/wp\/v2\/posts\/17599\/revisions"}],"predecessor-version":[{"id":17602,"href":"https:\/\/infozamoraec.com\/index.php\/wp-json\/wp\/v2\/posts\/17599\/revisions\/17602"}],"wp:featuredmedia":[{"embeddable":true,"href":"https:\/\/infozamoraec.com\/index.php\/wp-json\/wp\/v2\/media\/17600"}],"wp:attachment":[{"href":"https:\/\/infozamoraec.com\/index.php\/wp-json\/wp\/v2\/media?parent=17599"}],"wp:term":[{"taxonomy":"category","embeddable":true,"href":"https:\/\/infozamoraec.com\/index.php\/wp-json\/wp\/v2\/categories?post=17599"},{"taxonomy":"post_tag","embeddable":true,"href":"https:\/\/infozamoraec.com\/index.php\/wp-json\/wp\/v2\/tags?post=17599"}],"curies":[{"name":"wp","href":"https:\/\/api.w.org\/{rel}","templated":true}]}}