{"id":17593,"date":"2025-11-29T13:01:58","date_gmt":"2025-11-29T13:01:58","guid":{"rendered":"https:\/\/infozamoraec.com\/?p=17593"},"modified":"2025-11-29T13:01:58","modified_gmt":"2025-11-29T13:01:58","slug":"obras-que-transforman-y-fortalecen-la-educacion-en-centinela-del-condor","status":"publish","type":"post","link":"https:\/\/infozamoraec.com\/index.php\/2025\/11\/29\/obras-que-transforman-y-fortalecen-la-educacion-en-centinela-del-condor\/","title":{"rendered":"Obras que transforman y fortalecen la educaci\u00f3n en Centinela del C\u00f3ndor"},"content":{"rendered":"<p>Con un emotivo corte de cinta, la Prefectura de Zamora Chinchipe, liderada por su autoridad principal, entreg\u00f3 oficialmente un moderno bloque de aulas a la Escuela de Educaci\u00f3n General B\u00e1sica \u201cEpiclachima\u201d, en la ciudad de Zumbi, cant\u00f3n Centinela del C\u00f3ndor. Esta infraestructura educativa beneficiar\u00e1 a m\u00e1s de 340 estudiantes, brind\u00e1ndoles un espacio adecuado, seguro y digno para su aprendizaje.<\/p>\n<p>La obra fue ejecutada mediante un convenio interinstitucional entre la Prefectura de Zamora Chinchipe, el Municipio de Centinela del C\u00f3ndor y el Distrito de Educaci\u00f3n. La inversi\u00f3n total asciende a USD 160.000, de los cuales la Prefectura aport\u00f3 USD 100.000 y el Municipio USD 60.000. La construcci\u00f3n se desarroll\u00f3 en un plazo de cinco meses.<\/p>\n<p>Durante el evento, la prefecta Karla Re\u00e1tegui destac\u00f3 que la educaci\u00f3n es un pilar fundamental para el desarrollo provincial. \u201cDesde la Prefectura hemos asumido con total compromiso este apoyo. M\u00e1s all\u00e1 de las palabras, est\u00e1n los hechos: el trabajo y la obra. Apostamos por el desarrollo de nuestra provincia, y hablar de desarrollo es hablar de la educaci\u00f3n de nuestros hijos. Cu\u00eddenla mucho, esta infraestructura queda al servicio de todos\u201d, afirm\u00f3.<\/p>\n<p>Por su parte, \u00c1ngel Lapo, director del establecimiento, expres\u00f3 que este proyecto marca un avance significativo para la instituci\u00f3n, el cant\u00f3n y la provincia. \u201cA nombre de la Planta Docente y del Comit\u00e9 Central de Padres de Familia, agradecemos por este recuerdo tan valioso que quedar\u00e1 para nuestros estudiantes\u201d, sostuvo.<\/p>\n<p>Compromiso provincial con la educaci\u00f3n: Esta entrega se suma a m\u00faltiples obras educativas que la Prefectura impulsa en territorio, reafirmando su compromiso con una educaci\u00f3n de calidad. Entre las intervenciones destacan:<\/p>\n<p>Cubiertas met\u00e1licas en:<\/p>\n<p>\u2022 Unidad Educativa \u201cR\u00edo Zamora\u201d, parroquia Cumbaratza (Zamora).<\/p>\n<p>\u2022 Unidad Educativa \u201cPrimero de Mayo\u201d, barrio La Diversi\u00f3n, Zumba (Chinchipe).<\/p>\n<p>\u2022 Unidad Educativa \u201cOriente Ecuatoriano\u201d, en Palanda.<\/p>\n<p>Bloques de aulas en:<\/p>\n<p>\u2022 Unidad Educativa \u201cManuel Sarango Romero\u201d, Las Orqu\u00eddeas, parroquia Zurmi (Nangaritza).<\/p>\n<p>\u2022 Escuela \u201cCiudad de Latacunga\u201d, en Panguintza.<\/p>\n<p>\u2022 Unidad Educativa \u201cAmazonas\u201d, en Zamora.<\/p>\n<p>\u2022 Unidad Educativa \u201cCiudad de Ambato\u201d, San Vicente de Caney (Yantzaza), donde tambi\u00e9n se construye una moderna cubierta met\u00e1lica.<\/p>\n<p>La directora distrital de Educaci\u00f3n, Karina Luzuriaga, resalt\u00f3 la importancia de construir espacios que fortalezcan el desarrollo integral de la ni\u00f1ez y adolescencia. \u201cCada aula es un entorno donde nace el sentido de comunidad. Agradezco especialmente a la Prefecta por su apoyo a la educaci\u00f3n y por convertir estos proyectos en oportunidades reales\u201d, expres\u00f3.<\/p>\n","protected":false},"excerpt":{"rendered":"<p>Con un emotivo corte de cinta, la Prefectura de Zamora Chinchipe, liderada por su autoridad principal, entreg\u00f3 oficialmente un moderno bloque de aulas a la Escuela de Educaci\u00f3n General B\u00e1sica \u201cEpiclachima\u201d, en la ciudad de Zumbi, cant\u00f3n Centinela del C\u00f3ndor. Esta infraestructura educativa beneficiar\u00e1 a m\u00e1s de 340 estudiantes, brind\u00e1ndoles un espacio adecuado, seguro y [&hellip;]<\/p>\n","protected":false},"author":1,"featured_media":17594,"comment_status":"open","ping_status":"open","sticky":false,"template":"","format":"standard","meta":{"footnotes":""},"categories":[9],"tags":[],"_links":{"self":[{"href":"https:\/\/infozamoraec.com\/index.php\/wp-json\/wp\/v2\/posts\/17593"}],"collection":[{"href":"https:\/\/infozamoraec.com\/index.php\/wp-json\/wp\/v2\/posts"}],"about":[{"href":"https:\/\/infozamoraec.com\/index.php\/wp-json\/wp\/v2\/types\/post"}],"author":[{"embeddable":true,"href":"https:\/\/infozamoraec.com\/index.php\/wp-json\/wp\/v2\/users\/1"}],"replies":[{"embeddable":true,"href":"https:\/\/infozamoraec.com\/index.php\/wp-json\/wp\/v2\/comments?post=17593"}],"version-history":[{"count":1,"href":"https:\/\/infozamoraec.com\/index.php\/wp-json\/wp\/v2\/posts\/17593\/revisions"}],"predecessor-version":[{"id":17595,"href":"https:\/\/infozamoraec.com\/index.php\/wp-json\/wp\/v2\/posts\/17593\/revisions\/17595"}],"wp:featuredmedia":[{"embeddable":true,"href":"https:\/\/infozamoraec.com\/index.php\/wp-json\/wp\/v2\/media\/17594"}],"wp:attachment":[{"href":"https:\/\/infozamoraec.com\/index.php\/wp-json\/wp\/v2\/media?parent=17593"}],"wp:term":[{"taxonomy":"category","embeddable":true,"href":"https:\/\/infozamoraec.com\/index.php\/wp-json\/wp\/v2\/categories?post=17593"},{"taxonomy":"post_tag","embeddable":true,"href":"https:\/\/infozamoraec.com\/index.php\/wp-json\/wp\/v2\/tags?post=17593"}],"curies":[{"name":"wp","href":"https:\/\/api.w.org\/{rel}","templated":true}]}}