{"id":17588,"date":"2025-11-28T03:00:04","date_gmt":"2025-11-28T03:00:04","guid":{"rendered":"https:\/\/infozamoraec.com\/?p=17588"},"modified":"2025-11-28T03:00:28","modified_gmt":"2025-11-28T03:00:28","slug":"maduro-ordena-a-fuerza-aerea-estar-lista-para-la-defensa","status":"publish","type":"post","link":"https:\/\/infozamoraec.com\/index.php\/2025\/11\/28\/maduro-ordena-a-fuerza-aerea-estar-lista-para-la-defensa\/","title":{"rendered":"Maduro ordena a fuerza a\u00e9rea estar \u00ablista\u00bb para la defensa"},"content":{"rendered":"<p>El presidente de\u00a0<a class=\"internal-link\" href=\"https:\/\/www.dw.com\/es\/venezuela\/t-17410652\" target=\"_blank\" rel=\"noopener\">Venezuela<\/a>,\u00a0<a class=\"internal-link\" href=\"https:\/\/www.dw.com\/es\/nicol%C3%A1s-maduro\/t-17409336\" target=\"_blank\" rel=\"noopener\">Nicol\u00e1s Maduro<\/a>, orden\u00f3 el jueves (27.11.2025) a los miembros de la fuerza a\u00e9rea estar \u00abalertas y listos\u00bb en caso de que su pa\u00eds se declare como \u00abrep\u00fablica en armas\u00bb, en un contexto marcado por la tensi\u00f3n con Estados Unidos tras su despliegue militar en el Caribe.<\/p>\n<p>\u00abLes pido estar siempre imperturbables en su serenidad, alertas, listos y dispuestos a defender nuestros derechos como naci\u00f3n, como patria libre y soberana, y s\u00e9 que jam\u00e1s le fallar\u00e1n a Venezuela, s\u00e9 que Venezuela cuenta con ustedes\u00bb, dijo Maduro, en un video grabado dirigido a los militares.<\/p>\n<p>En este sentido, prometi\u00f3 que, si la historia exigiera que el pa\u00eds suramericano se declare \u00abuna rep\u00fablica en armas\u00bb, tendr\u00eda \u00abun solo destino: la victoria\u00bb.<\/p>\n<p>Vestido con un traje verde olivo y una gorra roja, Maduro habl\u00f3 en un acto por el 105 aniversario de la Aviaci\u00f3n Militar Bolivariana, transmitido por el canal estatal VTV.<\/p>\n<p>Dijo que\u00a0desde hace 17 semanas fuerzas extranjeras\u00a0\u00abimperialistas amenazan continuamente con alterar la paz\u00bb en el Caribe, en Venezuela y en el resto de Suram\u00e9rica, \u00abbajo falsos y extravagantes argumentos\u00bb.<\/p>\n<p>Sin embargo, el pueblo venezolano no se atemoriza y \u00abse ha preparado con serenidad imperturbable para defender su patria\u00bb, agreg\u00f3 al recordar las jornadas de alistamiento de civiles para recibir preparaci\u00f3n militar y los ejercicios castrenses efectuados en el territorio.<\/p>\n<p>Bajo el argumento de combatir el narcotr\u00e1fico y perseguir a supuestos\u00a0narcoterroristas, Washington mantiene un\u00a0<a class=\"internal-link\" href=\"https:\/\/www.dw.com\/es\/escalada-venezuela-estados-unidos\/a-74486870\" target=\"_blank\" rel=\"noopener\">despliegue militar en el Caribe recientemente reforzado<\/a>\u00a0con la llegada de su mayor portaaviones, el USS Gerald R. Ford.<\/p>\n<p>El lunes, el Departamento de Estado\u00a0design\u00f3 al llamado Cartel de los Soles como grupo terrorista extranjero. La administraci\u00f3n de Donald Trump asegura que lo lidera Maduro junto con altos mandos del Ej\u00e9rcito y el Gobierno venezolano, aunque Caracas ha advertido que se trata de un \u00abinvento\u00bb.<\/p>\n<p>A este escenario de tensiones se ha sumado desde el pasado s\u00e1bado una nueva crisis debido a\u00a0la cancelaci\u00f3n de vuelos internacionales, luego de que Estados Unidos instara a \u00abextremar la precauci\u00f3n\u00bb al sobrevolar el territorio de Venezuella y el sur del Caribe.<\/p>\n<p>En respuesta,\u00a0<a class=\"internal-link\" href=\"https:\/\/www.dw.com\/es\/venezuela-revoca-concesi%C3%B3n-a-aerol%C3%ADneas-que-cancelaron-rutas\/a-74914570\" target=\"_blank\" rel=\"noopener\">Caracas revoc\u00f3 el mi\u00e9rcoles las concesiones<\/a>\u00a0a las aerol\u00edneas Iberia, TAP, Turkish Airlines, Avianca, Latam Colombia y Gol, a las que acus\u00f3 de apoyar los planes de Estados Unidos.<\/p>\n<p>gs (efe, afp, El Nacional)<\/p>\n","protected":false},"excerpt":{"rendered":"<p>El presidente de\u00a0Venezuela,\u00a0Nicol\u00e1s Maduro, orden\u00f3 el jueves (27.11.2025) a los miembros de la fuerza a\u00e9rea estar \u00abalertas y listos\u00bb en caso de que su pa\u00eds se declare como \u00abrep\u00fablica en armas\u00bb, en un contexto marcado por la tensi\u00f3n con Estados Unidos tras su despliegue militar en el Caribe. \u00abLes pido estar siempre imperturbables en su [&hellip;]<\/p>\n","protected":false},"author":1,"featured_media":17589,"comment_status":"open","ping_status":"open","sticky":false,"template":"","format":"standard","meta":{"footnotes":""},"categories":[8],"tags":[],"_links":{"self":[{"href":"https:\/\/infozamoraec.com\/index.php\/wp-json\/wp\/v2\/posts\/17588"}],"collection":[{"href":"https:\/\/infozamoraec.com\/index.php\/wp-json\/wp\/v2\/posts"}],"about":[{"href":"https:\/\/infozamoraec.com\/index.php\/wp-json\/wp\/v2\/types\/post"}],"author":[{"embeddable":true,"href":"https:\/\/infozamoraec.com\/index.php\/wp-json\/wp\/v2\/users\/1"}],"replies":[{"embeddable":true,"href":"https:\/\/infozamoraec.com\/index.php\/wp-json\/wp\/v2\/comments?post=17588"}],"version-history":[{"count":1,"href":"https:\/\/infozamoraec.com\/index.php\/wp-json\/wp\/v2\/posts\/17588\/revisions"}],"predecessor-version":[{"id":17590,"href":"https:\/\/infozamoraec.com\/index.php\/wp-json\/wp\/v2\/posts\/17588\/revisions\/17590"}],"wp:featuredmedia":[{"embeddable":true,"href":"https:\/\/infozamoraec.com\/index.php\/wp-json\/wp\/v2\/media\/17589"}],"wp:attachment":[{"href":"https:\/\/infozamoraec.com\/index.php\/wp-json\/wp\/v2\/media?parent=17588"}],"wp:term":[{"taxonomy":"category","embeddable":true,"href":"https:\/\/infozamoraec.com\/index.php\/wp-json\/wp\/v2\/categories?post=17588"},{"taxonomy":"post_tag","embeddable":true,"href":"https:\/\/infozamoraec.com\/index.php\/wp-json\/wp\/v2\/tags?post=17588"}],"curies":[{"name":"wp","href":"https:\/\/api.w.org\/{rel}","templated":true}]}}