{"id":17586,"date":"2025-11-28T03:06:26","date_gmt":"2025-11-28T03:06:26","guid":{"rendered":"https:\/\/infozamoraec.com\/?p=17586"},"modified":"2025-11-28T03:06:26","modified_gmt":"2025-11-28T03:06:26","slug":"colombia-sancion-a-campana-de-petro-eleva-tension-electoral","status":"publish","type":"post","link":"https:\/\/infozamoraec.com\/index.php\/2025\/11\/28\/colombia-sancion-a-campana-de-petro-eleva-tension-electoral\/","title":{"rendered":"Colombia: sanci\u00f3n a campa\u00f1a de Petro eleva tensi\u00f3n electoral"},"content":{"rendered":"<p>La sanci\u00f3n del Consejo Nacional Electoral (CNE) contra la campa\u00f1a que llev\u00f3 al presidente de\u00a0<a class=\"internal-link\" href=\"https:\/\/www.dw.com\/es\/colombia\/t-17411736\" target=\"_blank\" rel=\"noopener\">Colombia<\/a>,\u00a0<a class=\"internal-link\" href=\"https:\/\/www.dw.com\/es\/gustavo-petro\/t-42895097\" target=\"_blank\" rel=\"noopener\">Gustavo Petro<\/a>, al poder en 2022 desat\u00f3 este jueves (27.11.2025) una oleada de reacciones pol\u00edticas que profundiz\u00f3 la tensi\u00f3n institucional en v\u00edsperas del comienzo del ciclo electoral de 2026.<\/p>\n<p>El ministro del Interior, Armando Benedetti, quien fue la primera figura del Gobierno en reaccionar, acus\u00f3 al organismo electoral de actuar con \u00abanimadversi\u00f3n\u00bb contra el mandatario.<\/p>\n<p>Benedetti consider\u00f3 \u00abmuy sospechoso\u00bb que la decisi\u00f3n se haya tomado \u00abad portas de las elecciones del 2026\u00bb en las que se elegir\u00e1 Senado y C\u00e1mara de Representantes el 9 de marzo, mientras que la primera vuelta de las presidenciales ser\u00e1 el 31 de mayo.<\/p>\n<p>El fallo del CNE determin\u00f3 que la campa\u00f1a super\u00f3 los l\u00edmites de financiaci\u00f3n y omiti\u00f3 reportar aportes de sindicatos y partidos, lo que llev\u00f3 al organismo a imponer multas al entonces gerente de campa\u00f1a de Petro y actual presidente de la estatal Ecopetrol, Ricardo Roa, a otros dos funcionarios, y a dos partidos de la coalici\u00f3n oficialista.<\/p>\n<p>En el caso de Roa, al igual que la auditora Mar\u00eda Lucy Soto y la tesorera Lucy Ayd\u00e9e Mogoll\u00f3n, deber\u00e1n pagar solidariamente una multa superior a 5.900 millones de pesos (unos 1,5 millones de d\u00f3lares).<\/p>\n<p>Por otra parte, Colombia Humana, el partido de Petro, y la Uni\u00f3n Patri\u00f3tica (UP) fueron sancionadas \u00abde manera individual y con multa equivalente a 583 millones\u00bb de pesos (unos 155.000 d\u00f3lares).<\/p>\n<h2>\u00abUn acto contra la democracia\u00bb<\/h2>\n<p>La UP rechaz\u00f3 con dureza el fallo, que calific\u00f3 como \u00abun acto pol\u00edtico contra la democracia\u00bb.<\/p>\n<p>En un comunicado, el partido argument\u00f3 que las cuentas de la campa\u00f1a hab\u00edan sido aprobadas mediante resoluciones del propio CNE y que cualquier intento posterior de invalidarlas tendr\u00eda que hacerse por v\u00eda de lesividad, \u00abel \u00fanico procedimiento legalmente previsto\u00bb.<\/p>\n<p>Las irregularidades en la campa\u00f1a de Petro fueron denunciadas en febrero de 2023 mediante una queja an\u00f3nima, lo que llev\u00f3 al CNE a abrir la investigaci\u00f3n, algo que critic\u00f3 ese partido pues \u00abfue presentada fuera del plazo legal de 30 d\u00edas posteriores a la elecci\u00f3n presidencial\u00bb, lo que, aseguraron, dejar\u00eda al CNE sin competencia para abrir un proceso sancionatorio de este tipo.<\/p>\n<p>Adem\u00e1s, cuestion\u00f3 la solidez de las pruebas aportadas y afirm\u00f3 que las sanciones desconocen precedentes administrativos.<\/p>\n<p>La UP anunci\u00f3 que acudir\u00e1 a instancias judiciales e internacionales para revertir la decisi\u00f3n, que considera un intento por \u00abdeslegitimar la voluntad popular\u00bb expresada por los ciudadanos colombianos en las elecciones de 2022.<\/p>\n<p>Por su parte, la presidenta de Colombia Humana, Gloria Fl\u00f3rez, se sum\u00f3 a las cr\u00edticas de la UP en un video difundido en X en el que expres\u00f3 que el CNE busca \u00abatacar al presidente y afectar al Pacto Hist\u00f3rico (coalici\u00f3n oficialista) en plena \u00e9poca electoral\u00bb.<\/p>\n<h2>Cr\u00edticas de la oposici\u00f3n<\/h2>\n<p>Por su parte, la precandidata presidencial y periodista Vicky D\u00e1vila, una de las voces m\u00e1s cr\u00edticas del Gobierno, dijo en X que \u00abviolar topes de una campa\u00f1a es corrupci\u00f3n\u00bb y asegur\u00f3 que \u00abPetro lleg\u00f3 as\u00ed a la presidencia\u00bb y \u00abas\u00ed ha gobernado\u00bb.<\/p>\n<p>La tambi\u00e9n precandidata presidencial Paloma Valencia, del Centro Democr\u00e1tico, expres\u00f3 que conf\u00eda en que \u00abde una vez por todas las autoridades competentes tomen cartas en el asunto\u00bb.<\/p>\n<p>Petro todav\u00eda no se ha pronunciado y por este caso est\u00e1 siendo investigado por la Comisi\u00f3n de Acusaciones de la C\u00e1mara de Representantes, debido a su fuero presidencial.<\/p>\n<p>mg (efe, El Espectador)<\/p>\n","protected":false},"excerpt":{"rendered":"<p>La sanci\u00f3n del Consejo Nacional Electoral (CNE) contra la campa\u00f1a que llev\u00f3 al presidente de\u00a0Colombia,\u00a0Gustavo Petro, al poder en 2022 desat\u00f3 este jueves (27.11.2025) una oleada de reacciones pol\u00edticas que profundiz\u00f3 la tensi\u00f3n institucional en v\u00edsperas del comienzo del ciclo electoral de 2026. El ministro del Interior, Armando Benedetti, quien fue la primera figura del [&hellip;]<\/p>\n","protected":false},"author":1,"featured_media":17587,"comment_status":"open","ping_status":"open","sticky":false,"template":"","format":"standard","meta":{"footnotes":""},"categories":[8],"tags":[],"_links":{"self":[{"href":"https:\/\/infozamoraec.com\/index.php\/wp-json\/wp\/v2\/posts\/17586"}],"collection":[{"href":"https:\/\/infozamoraec.com\/index.php\/wp-json\/wp\/v2\/posts"}],"about":[{"href":"https:\/\/infozamoraec.com\/index.php\/wp-json\/wp\/v2\/types\/post"}],"author":[{"embeddable":true,"href":"https:\/\/infozamoraec.com\/index.php\/wp-json\/wp\/v2\/users\/1"}],"replies":[{"embeddable":true,"href":"https:\/\/infozamoraec.com\/index.php\/wp-json\/wp\/v2\/comments?post=17586"}],"version-history":[{"count":1,"href":"https:\/\/infozamoraec.com\/index.php\/wp-json\/wp\/v2\/posts\/17586\/revisions"}],"predecessor-version":[{"id":17592,"href":"https:\/\/infozamoraec.com\/index.php\/wp-json\/wp\/v2\/posts\/17586\/revisions\/17592"}],"wp:featuredmedia":[{"embeddable":true,"href":"https:\/\/infozamoraec.com\/index.php\/wp-json\/wp\/v2\/media\/17587"}],"wp:attachment":[{"href":"https:\/\/infozamoraec.com\/index.php\/wp-json\/wp\/v2\/media?parent=17586"}],"wp:term":[{"taxonomy":"category","embeddable":true,"href":"https:\/\/infozamoraec.com\/index.php\/wp-json\/wp\/v2\/categories?post=17586"},{"taxonomy":"post_tag","embeddable":true,"href":"https:\/\/infozamoraec.com\/index.php\/wp-json\/wp\/v2\/tags?post=17586"}],"curies":[{"name":"wp","href":"https:\/\/api.w.org\/{rel}","templated":true}]}}