{"id":17583,"date":"2025-11-28T02:56:48","date_gmt":"2025-11-28T02:56:48","guid":{"rendered":"https:\/\/infozamoraec.com\/?p=17583"},"modified":"2025-11-28T02:56:48","modified_gmt":"2025-11-28T02:56:48","slug":"renuncia-el-fiscal-general-de-mexico-a-peticion-de-sheinbaum","status":"publish","type":"post","link":"https:\/\/infozamoraec.com\/index.php\/2025\/11\/28\/renuncia-el-fiscal-general-de-mexico-a-peticion-de-sheinbaum\/","title":{"rendered":"Renuncia el fiscal general de M\u00e9xico a petici\u00f3n de Sheinbaum"},"content":{"rendered":"<p>El fiscal general de M\u00e9xico, Alejandro Gertz Manero, renunci\u00f3 el jueves (27.11.2025) luego de que la presidenta Claudia Sheinbaum le propusiera ocupar una embajada, inform\u00f3 el Senado, que recibi\u00f3 la carta de dimisi\u00f3n del funcionario.<\/p>\n<p>\u00abMe estoy retirando de mi actual cargo como fiscal general\u00bb, se\u00f1ala la misiva, divulgada horas despu\u00e9s de que Sheinbaum subrayara la necesidad de una \u00abmayor coordinaci\u00f3n\u00bb entre la Fiscal\u00eda federal y las estatales para combatir al crimen.<\/p>\n<p>La carta de renuncia fue le\u00edda en una sesi\u00f3n del Senado mexicano, luego de que la mandataria fuera consultada sobre el desempe\u00f1o del fiscal en su tradicional conferencia de prensa.<\/p>\n<p>Gertz, un abogado de 86 a\u00f1os con grado de doctorado, se convirti\u00f3 en 2019 en el primer fiscal independiente de M\u00e9xico, tras una reforma legal que lo mantendr\u00eda en el cargo hasta 2028.<\/p>\n<p>El fiscal dijo que Sheinbaum le ofreci\u00f3 representar a M\u00e9xico ante un \u00abpa\u00eds amigo\u00bb, un cargo que le permitir\u00e1 continuar con su \u00abvocaci\u00f3n\u00bb en el servicio p\u00fablico.<\/p>\n<h2>Roces y diferencias en el oficialismo<\/h2>\n<p>La renuncia se produce en medio de versiones de medios locales sobre crecientes diferencias entre la Fiscal\u00eda y la presidencia por la filtraci\u00f3n a la prensa de asuntos sensibles, algunos ligados a funcionarios del oficialismo.<\/p>\n<p>El \u00faltimo roce estar\u00eda motivado por informaci\u00f3n difundida por la Fiscal\u00eda sobre la investigaci\u00f3n por tr\u00e1fico de drogas y de armas contra Ra\u00fal Rocha, copropietario de Miss Universo, en medio de una pol\u00e9mica tras el triunfo de la mexicana F\u00e1tima Bosch en el concurso.<\/p>\n<div class=\"render-container tweet embed\">\n<div class=\"s1lxdrht ssamamu\">\n<div id=\"cmppreviewrootcmpr52038_1\" class=\"cmppreviewroot\">\n<div id=\"cmpr52038_1\" class=\" cmplazypreviewiframe\" data-cmp-vendor=\"s34\">\n<div class=\"cmplazypreviewmsg cmpstyleroot\">\n<div class=\"cmplazypreviewmsginner\">\n<p>Gertz Manero fue propuesto por el expresidente Andr\u00e9s L\u00f3pez Obrador (2018-2024) y sigui\u00f3 en el primer a\u00f1o de Sheinbaum, durante un mandato se\u00f1alado por la falta de resultados en la procuraci\u00f3n de justicia, por sus largas ausencias de la escena p\u00fabica y\u00a0<a class=\"internal-link\" href=\"https:\/\/www.dw.com\/es\/la-cuenta-bancaria-secreta-que-involucra-al-fiscal-de-m%C3%A9xico-alejandro-gertz-manero\/a-59212946\" target=\"_blank\" rel=\"noopener\">por su opacidad<\/a>\u00a0y contadas conferencias de prensa.<\/p>\n<p>Entre las decisiones pol\u00e9micas de Gertz Manero est\u00e1n una propuesta de eliminar el delito de feminicidio, usar la Fiscal\u00eda para perseguir a la viuda de su hermano y chocar con el encargado de investigar la desaparici\u00f3n de los 43 estudiantes de\u00a0<a class=\"internal-link\" href=\"https:\/\/www.dw.com\/es\/m%C3%A9xico-crea-una-fiscal%C3%ADa-para-el-caso-ayotzinapa\/a-47422527\" target=\"_blank\" rel=\"noopener\">Ayotzinapa<\/a>.<\/p>\n<p>Adem\u00e1s, tuvo bajo su gesti\u00f3n casos relevantes\u00a0como las\u00a0<a class=\"internal-link\" href=\"https:\/\/www.dw.com\/es\/huachicol-la-gota-de-combustible-que-derram%C3%B3-el-vaso-de-la-corrupci%C3%B3n\/a-73953906\" target=\"_blank\" rel=\"noopener\">tramas de corrupci\u00f3n<\/a>\u00a0cometidas en el gobierno del expresidente Enrique Pe\u00f1a Nieto (2012-2018), los sobornos de Odebrecht y la llamada Estafa Maestra, un esquema de corrupci\u00f3n que desvi\u00f3 miles de millones de pesos. Sin embargo, no lleg\u00f3 a condenas significativas en ninguno de estos procesos.<\/p>\n<p>gs (afp, efe)<\/p>\n<\/div>\n<\/div>\n<\/div>\n<\/div>\n<\/div>\n<\/div>\n","protected":false},"excerpt":{"rendered":"<p>El fiscal general de M\u00e9xico, Alejandro Gertz Manero, renunci\u00f3 el jueves (27.11.2025) luego de que la presidenta Claudia Sheinbaum le propusiera ocupar una embajada, inform\u00f3 el Senado, que recibi\u00f3 la carta de dimisi\u00f3n del funcionario. \u00abMe estoy retirando de mi actual cargo como fiscal general\u00bb, se\u00f1ala la misiva, divulgada horas despu\u00e9s de que Sheinbaum subrayara [&hellip;]<\/p>\n","protected":false},"author":1,"featured_media":17584,"comment_status":"open","ping_status":"open","sticky":false,"template":"","format":"standard","meta":{"footnotes":""},"categories":[8],"tags":[],"_links":{"self":[{"href":"https:\/\/infozamoraec.com\/index.php\/wp-json\/wp\/v2\/posts\/17583"}],"collection":[{"href":"https:\/\/infozamoraec.com\/index.php\/wp-json\/wp\/v2\/posts"}],"about":[{"href":"https:\/\/infozamoraec.com\/index.php\/wp-json\/wp\/v2\/types\/post"}],"author":[{"embeddable":true,"href":"https:\/\/infozamoraec.com\/index.php\/wp-json\/wp\/v2\/users\/1"}],"replies":[{"embeddable":true,"href":"https:\/\/infozamoraec.com\/index.php\/wp-json\/wp\/v2\/comments?post=17583"}],"version-history":[{"count":1,"href":"https:\/\/infozamoraec.com\/index.php\/wp-json\/wp\/v2\/posts\/17583\/revisions"}],"predecessor-version":[{"id":17585,"href":"https:\/\/infozamoraec.com\/index.php\/wp-json\/wp\/v2\/posts\/17583\/revisions\/17585"}],"wp:featuredmedia":[{"embeddable":true,"href":"https:\/\/infozamoraec.com\/index.php\/wp-json\/wp\/v2\/media\/17584"}],"wp:attachment":[{"href":"https:\/\/infozamoraec.com\/index.php\/wp-json\/wp\/v2\/media?parent=17583"}],"wp:term":[{"taxonomy":"category","embeddable":true,"href":"https:\/\/infozamoraec.com\/index.php\/wp-json\/wp\/v2\/categories?post=17583"},{"taxonomy":"post_tag","embeddable":true,"href":"https:\/\/infozamoraec.com\/index.php\/wp-json\/wp\/v2\/tags?post=17583"}],"curies":[{"name":"wp","href":"https:\/\/api.w.org\/{rel}","templated":true}]}}