{"id":17580,"date":"2025-11-28T02:54:43","date_gmt":"2025-11-28T02:54:43","guid":{"rendered":"https:\/\/infozamoraec.com\/?p=17580"},"modified":"2025-11-28T02:54:43","modified_gmt":"2025-11-28T02:54:43","slug":"noboa-viaja-por-segunda-vez-a-ee-uu-para-reforzar-alianzas","status":"publish","type":"post","link":"https:\/\/infozamoraec.com\/index.php\/2025\/11\/28\/noboa-viaja-por-segunda-vez-a-ee-uu-para-reforzar-alianzas\/","title":{"rendered":"Noboa viaja por segunda vez a EE.UU. para reforzar alianzas"},"content":{"rendered":"<p>El presidente de Ecuador, Daniel Noboa, viajar\u00e1 por segunda vez a Estados Unidos tras el rechazo en el refer\u00e9ndum a la propuesta de instalar bases militares extranjeras en territorio ecuatoriano.<\/p>\n<p>El decreto ejecutivo\u00a0<strong>235 informa de que el \u00abviaje oficial internacional\u00bb tendr\u00e1 lugar desde este jueves, 27 de noviembre, hasta el pr\u00f3ximo lunes, 1 de diciembre.<\/strong><\/p>\n<p>Aunque no se especifica el motivo de la visita,\u00a0<strong>el documento afirma que \u00abes de inter\u00e9s del Gobierno de la Rep\u00fablica del Ecuador fortalecer, profundizar y dinamizar los lazos diplom\u00e1ticos, pol\u00edticos y comerciales con los Estados<\/strong>\u00a0que constituyen aliados estrat\u00e9gicos para el pa\u00eds\u00bb.<\/p>\n<div class=\"google-auto-placed ap_container\">El \u00faltimo traslado de\u00a0<strong>Noboa a Estados Unidos tuvo lugar entre el 18 y el 20 noviembre y fue de car\u00e1cter \u00abconfidencial\u00bb, asegur\u00f3 el secretario General de Integridad P\u00fablica, Jos\u00e9 Julio Neira.<\/strong><\/div>\n<div>\n<p>Este ser\u00e1, por tanto, su segundo viaje a\u00a0<strong>EE.UU. tras la derrota en el refer\u00e9ndum celebrado el 16 de noviembre, en el que los ecuatorianos rechazaron instalar una Asamblea Constituyente que permita la redacci\u00f3n de una nueva Carta Magna, la reducci\u00f3n del n\u00famero de asamble\u00edstas,\u00a0<\/strong>la eliminaci\u00f3n de la financiaci\u00f3n p\u00fablica a partidos pol\u00edticos y autorizar la instalaci\u00f3n de\u00a0<a href=\"https:\/\/efe.com\/mundo\/2025-11-11\/bases-militares-ecuador-noboa\/\" target=\"_blank\" rel=\"noopener\">bases\u00a0<\/a>militares extranjeras en el pa\u00eds.<\/p>\n<p>El oficialismo bas\u00f3 su defensa\u00a0<strong>de esta \u00faltima propuesta en la necesidad de reforzar la seguridad del pa\u00eds para combatir la actividad del crimen organizado.<\/strong><\/p>\n<p>Antes de la votaci\u00f3n, la secretaria de<strong>\u00a0Seguridad Nacional estadounidense, Kristi Noem, estuvo en Ecuador para visitar las bases militares de Manta y Salinas<\/strong>, en la costa ecuatoriana, en donde hab\u00eda la posibilidad de que EE.UU.<strong>\u00a0pudiera volver a instalarse despu\u00e9s de su salida del pa\u00eds en 2009 si se aprobaba en la consulta. EFE<\/strong><\/p>\n<\/div>\n","protected":false},"excerpt":{"rendered":"<p>El presidente de Ecuador, Daniel Noboa, viajar\u00e1 por segunda vez a Estados Unidos tras el rechazo en el refer\u00e9ndum a la propuesta de instalar bases militares extranjeras en territorio ecuatoriano. El decreto ejecutivo\u00a0235 informa de que el \u00abviaje oficial internacional\u00bb tendr\u00e1 lugar desde este jueves, 27 de noviembre, hasta el pr\u00f3ximo lunes, 1 de diciembre. [&hellip;]<\/p>\n","protected":false},"author":1,"featured_media":17581,"comment_status":"open","ping_status":"open","sticky":false,"template":"","format":"standard","meta":{"footnotes":""},"categories":[12],"tags":[],"_links":{"self":[{"href":"https:\/\/infozamoraec.com\/index.php\/wp-json\/wp\/v2\/posts\/17580"}],"collection":[{"href":"https:\/\/infozamoraec.com\/index.php\/wp-json\/wp\/v2\/posts"}],"about":[{"href":"https:\/\/infozamoraec.com\/index.php\/wp-json\/wp\/v2\/types\/post"}],"author":[{"embeddable":true,"href":"https:\/\/infozamoraec.com\/index.php\/wp-json\/wp\/v2\/users\/1"}],"replies":[{"embeddable":true,"href":"https:\/\/infozamoraec.com\/index.php\/wp-json\/wp\/v2\/comments?post=17580"}],"version-history":[{"count":1,"href":"https:\/\/infozamoraec.com\/index.php\/wp-json\/wp\/v2\/posts\/17580\/revisions"}],"predecessor-version":[{"id":17582,"href":"https:\/\/infozamoraec.com\/index.php\/wp-json\/wp\/v2\/posts\/17580\/revisions\/17582"}],"wp:featuredmedia":[{"embeddable":true,"href":"https:\/\/infozamoraec.com\/index.php\/wp-json\/wp\/v2\/media\/17581"}],"wp:attachment":[{"href":"https:\/\/infozamoraec.com\/index.php\/wp-json\/wp\/v2\/media?parent=17580"}],"wp:term":[{"taxonomy":"category","embeddable":true,"href":"https:\/\/infozamoraec.com\/index.php\/wp-json\/wp\/v2\/categories?post=17580"},{"taxonomy":"post_tag","embeddable":true,"href":"https:\/\/infozamoraec.com\/index.php\/wp-json\/wp\/v2\/tags?post=17580"}],"curies":[{"name":"wp","href":"https:\/\/api.w.org\/{rel}","templated":true}]}}