{"id":17574,"date":"2025-11-28T02:50:49","date_gmt":"2025-11-28T02:50:49","guid":{"rendered":"https:\/\/infozamoraec.com\/?p=17574"},"modified":"2025-11-28T02:50:49","modified_gmt":"2025-11-28T02:50:49","slug":"correismo-empieza-fiscalizacion-de-los-viajes-al-exterior-del-presidente-daniel-noboa","status":"publish","type":"post","link":"https:\/\/infozamoraec.com\/index.php\/2025\/11\/28\/correismo-empieza-fiscalizacion-de-los-viajes-al-exterior-del-presidente-daniel-noboa\/","title":{"rendered":"Corre\u00edsmo empieza fiscalizaci\u00f3n de los viajes al exterior del presidente Daniel Noboa"},"content":{"rendered":"<p>La bancada de oposici\u00f3n Revoluci\u00f3n Ciudadana (RC) empez\u00f3 un proceso de fiscalizaci\u00f3n de los viajes al exterior del presidente de la Rep\u00fablica, Daniel Noboa, durante sus dos a\u00f1os de mandato.<\/p>\n<p>Los legisladores corre\u00edstas Viviana Veloz y Roberto Cuero dijeron que se inici\u00f3 el proceso con pedidos de informaci\u00f3n a entidades gubernamentales y a la Contralor\u00eda General del Estado.<\/p>\n<p>Veloz envi\u00f3 un pedido de informaci\u00f3n a Cynthia Gellibert, secretaria general de la Administraci\u00f3n P\u00fablica de la Presidencia, para que remita informaci\u00f3n sobre los desplazamientos del presidente Noboa, pues se\u00f1ala que durante 2025 ha realizado varios viajes oficiales al exterior. Por ello, es imperativo conocer los acuerdos y resultados alcanzados, la comitiva que lo acompa\u00f1\u00f3, la duraci\u00f3n, el medio de transporte utilizado y los gastos incurridos en movilizaci\u00f3n y vi\u00e1ticos.<\/p>\n<p>La legisladora Veloz se\u00f1ala en su oficio que, de acuerdo con el art\u00edculo 19, numerales 13 y 17 de la Ley Org\u00e1nica de Transparencia y Acceso a la Informaci\u00f3n P\u00fablica (Lotaip), las instituciones p\u00fablicas tienen la obligaci\u00f3n de publicar, a trav\u00e9s de un portal web o los medios de los que dispongan, la informaci\u00f3n relativa a los informes de trabajo, los justificativos de movilizaci\u00f3n internacional de las autoridades y dignatarios, as\u00ed como las audiencias y las reuniones sostenidas por las autoridades de todos los niveles de gobierno.<\/p>\n<p>No obstante, en el portal de la Presidencia de la Rep\u00fablica, al acceder al m\u00f3dulo de transparencia activa, no se encuentra disponible la informaci\u00f3n exigida por la Lotaip desde enero de 2025.<\/p>\n<p>Con este antecedente, la legisladora solicit\u00f3 que se remita la siguiente informaci\u00f3n:<\/p>\n<p><strong>Un informe detallado de los viajes internacionales realizados por el presidente de la Rep\u00fablica desde enero de 2024 hasta el 23 de noviembre de 2025<\/strong>. Dicho informe debe especificar:<\/p>\n<ul>\n<li>Fecha de inicio y fin de cada viaje.<\/li>\n<li>Pa\u00eds o pa\u00edses de destino.<\/li>\n<li>Comitiva oficial que acompa\u00f1\u00f3 al presidente.<\/li>\n<li>Reuniones realizadas, con el detalle de las autoridades nacionales y extranjeras participantes.<\/li>\n<li>Resultados y acuerdos alcanzados en cada viaje.<\/li>\n<li>Costo total desglosado de vi\u00e1ticos y movilizaci\u00f3n.<\/li>\n<li>Medio de transporte utilizado.<\/li>\n<\/ul>\n<p><strong>Un informe espec\u00edfico de las actividades realizadas en el viaje notificado por el presidente de la Rep\u00fablica mediante el oficio n.\u00ba T.213-SGJ-25-203, del 17 de noviembre de 2025<\/strong>. Este informe debe incluir:<\/p>\n<ul>\n<li>Comitiva oficial que acompa\u00f1\u00f3 al presidente.<\/li>\n<li>Reuniones realizadas, con el detalle de las autoridades nacionales y extranjeras participantes.<\/li>\n<li>Resultados y acuerdos alcanzados.<\/li>\n<li>Costo total desglosado de vi\u00e1ticos y movilizaci\u00f3n.<\/li>\n<li>Medio de transporte utilizado.<\/li>\n<\/ul>\n<p>La asamble\u00edsta Veloz, quien tambi\u00e9n fue presidenta de la Asamblea Nacional, anunci\u00f3 que pedir\u00e1 un examen especial a la Contralor\u00eda sobre los desplazamientos del primer mandatario para transparentar los gastos y determinar si hubo o no mala utilizaci\u00f3n de recursos p\u00fablicos, pues no se puede primero anunciar que se trata de un viaje oficial y de manera inmediata se vuelve de car\u00e1cter personal, a\u00f1adi\u00f3.<\/p>\n<p>Con este proceso de investigaci\u00f3n se quiere determinar cu\u00e1les son los objetivos de cada viaje y cu\u00e1les son los logros obtenidos. Luego, cu\u00e1nto se ha gastado en cada viaje presidencial con su comitiva.<\/p>\n<p>Indic\u00f3 que el \u00faltimo viaje anunciado este jueves, 27 de noviembre, despierta mucha inquietud, porque declaran reservada la agenda, cuando est\u00e1n incumpliendo lo que dice la Lotaip respecto a la informaci\u00f3n p\u00fablica sobre la agenda que cumple el mandatario en otro pa\u00eds. Despu\u00e9s se deroga el decreto y anuncia que se trata de un viaje de \u00edndole personal y adem\u00e1s anuncia una agenda internacional por un mes, agreg\u00f3.<\/p>\n<p>La legisladora sostuvo que la ausencia del presidente Noboa se debe a que no asimila la derrota electoral del pasado 16 de noviembre y por eso prefiere viajar a otros pa\u00edses sin objetivos claros para ir a foros, cuando el Ecuador est\u00e1 desbordado por la inseguridad, la violencia, la crisis de salud y educaci\u00f3n.<\/p>\n<p>La Contralor\u00eda, dijo Veloz, tiene que hacer un examen especial de cada viaje del presidente Noboa y determinar cu\u00e1l fue su comitiva, los gastos que el Estado ecuatoriano ha cubierto, cu\u00e1nto le ha costado al Ecuador cada viaje, considerando que Noboa hasta el momento lleva m\u00e1s de 40 de \u00edndole internacional.<\/p>\n<p>El asamble\u00edsta Cuero se\u00f1al\u00f3 que el presidente Noboa, despu\u00e9s de una derrota en las urnas, regresa de un viaje, posesiona al nuevo Comando Conjunto de las Fuerzas Armadas y se va inmediatamente a Estados Unidos, \u201csin decir cu\u00e1l es la agenda, qu\u00e9 es lo que va a hacer\u201d. Tampoco se conocen los resultados.<\/p>\n<p>Manifest\u00f3 que el presidente es el l\u00edder de la Funci\u00f3n Ejecutiva del pa\u00eds, por lo tanto las actividades tienen que ser p\u00fablicas. Eventualmente, alguna situaci\u00f3n de car\u00e1cter reservado, pero todas las agendas internacionales de un mandatario tienen que ser p\u00fablicas.<\/p>\n<p>A\u00f1adi\u00f3 que est\u00e1n en la tarea de fiscalizar los viajes del primer mandatario al exterior \u201ccon toda la cancha inclinada\u201d que tienen.<\/p>\n","protected":false},"excerpt":{"rendered":"<p>La bancada de oposici\u00f3n Revoluci\u00f3n Ciudadana (RC) empez\u00f3 un proceso de fiscalizaci\u00f3n de los viajes al exterior del presidente de la Rep\u00fablica, Daniel Noboa, durante sus dos a\u00f1os de mandato. Los legisladores corre\u00edstas Viviana Veloz y Roberto Cuero dijeron que se inici\u00f3 el proceso con pedidos de informaci\u00f3n a entidades gubernamentales y a la Contralor\u00eda [&hellip;]<\/p>\n","protected":false},"author":1,"featured_media":17575,"comment_status":"open","ping_status":"open","sticky":false,"template":"","format":"standard","meta":{"footnotes":""},"categories":[12],"tags":[],"_links":{"self":[{"href":"https:\/\/infozamoraec.com\/index.php\/wp-json\/wp\/v2\/posts\/17574"}],"collection":[{"href":"https:\/\/infozamoraec.com\/index.php\/wp-json\/wp\/v2\/posts"}],"about":[{"href":"https:\/\/infozamoraec.com\/index.php\/wp-json\/wp\/v2\/types\/post"}],"author":[{"embeddable":true,"href":"https:\/\/infozamoraec.com\/index.php\/wp-json\/wp\/v2\/users\/1"}],"replies":[{"embeddable":true,"href":"https:\/\/infozamoraec.com\/index.php\/wp-json\/wp\/v2\/comments?post=17574"}],"version-history":[{"count":1,"href":"https:\/\/infozamoraec.com\/index.php\/wp-json\/wp\/v2\/posts\/17574\/revisions"}],"predecessor-version":[{"id":17576,"href":"https:\/\/infozamoraec.com\/index.php\/wp-json\/wp\/v2\/posts\/17574\/revisions\/17576"}],"wp:featuredmedia":[{"embeddable":true,"href":"https:\/\/infozamoraec.com\/index.php\/wp-json\/wp\/v2\/media\/17575"}],"wp:attachment":[{"href":"https:\/\/infozamoraec.com\/index.php\/wp-json\/wp\/v2\/media?parent=17574"}],"wp:term":[{"taxonomy":"category","embeddable":true,"href":"https:\/\/infozamoraec.com\/index.php\/wp-json\/wp\/v2\/categories?post=17574"},{"taxonomy":"post_tag","embeddable":true,"href":"https:\/\/infozamoraec.com\/index.php\/wp-json\/wp\/v2\/tags?post=17574"}],"curies":[{"name":"wp","href":"https:\/\/api.w.org\/{rel}","templated":true}]}}