{"id":17571,"date":"2025-11-28T02:49:30","date_gmt":"2025-11-28T02:49:30","guid":{"rendered":"https:\/\/infozamoraec.com\/?p=17571"},"modified":"2025-11-28T02:49:30","modified_gmt":"2025-11-28T02:49:30","slug":"posible-aumento-de-sueldos-a-servidores-publicos-se-revisaria-en-2026","status":"publish","type":"post","link":"https:\/\/infozamoraec.com\/index.php\/2025\/11\/28\/posible-aumento-de-sueldos-a-servidores-publicos-se-revisaria-en-2026\/","title":{"rendered":"Posible aumento de sueldos a servidores p\u00fablicos se revisar\u00eda en 2026"},"content":{"rendered":"<p>Aunque no est\u00e1 entre las prioridades inmediatas, el Gobierno no ha descartado analizar un posible incremento a las remuneraciones de los servidores p\u00fablicos.<\/p>\n<p>El tema ser\u00e1 discutido el pr\u00f3ximo a\u00f1o con sindicatos del sector privado, indic\u00f3 el ministro del Trabajo, Harold Burbano, quien aclar\u00f3 que ahora el cronograma de la cartera de Estado est\u00e1 enfocado en que el valor del salario b\u00e1sico de 2026 en el sector privado sea consensuado entre empleadores y trabajadores.<\/p>\n<p>\u201cEl pr\u00f3ximo a\u00f1o trabajaremos tanto en una planificaci\u00f3n y conversaciones con los sectores sindicales del sector p\u00fablico para ver la posibilidad de una estabilidad salarial, de un alza salarial\u201d, mencion\u00f3 este jueves, 27 de noviembre, antes de asistir a un evento de l\u00edderes sindicales en Quito.<\/p>\n<p>Puntualiz\u00f3 que desde que asumi\u00f3 el cargo, el pasado 18 de noviembre, ha mantenido acercamientos con sindicatos de servidores p\u00fablicos como parte de una planificaci\u00f3n marcada.<\/p>\n<p>\u201cEl tema del alza salarial es parte de esa hoja de ruta, pero tambi\u00e9n hay otros temas que tenemos que conversar que son parte de esta generaci\u00f3n de una nueva estabilidad laboral para el pa\u00eds\u201d, dijo Burbano.<\/p>\n<p>Su antecesora, Ivonne N\u00fa\u00f1ez, entreg\u00f3 al Ministerio de Finanzas, en enero de 2025, un informe con una propuesta de incremento, as\u00ed como un proyecto de acuerdo ministerial para reformar la escala remunerativa de los servidores pertenecientes a 14 de los 22 grados del sector p\u00fablico.<\/p>\n","protected":false},"excerpt":{"rendered":"<p>Aunque no est\u00e1 entre las prioridades inmediatas, el Gobierno no ha descartado analizar un posible incremento a las remuneraciones de los servidores p\u00fablicos. El tema ser\u00e1 discutido el pr\u00f3ximo a\u00f1o con sindicatos del sector privado, indic\u00f3 el ministro del Trabajo, Harold Burbano, quien aclar\u00f3 que ahora el cronograma de la cartera de Estado est\u00e1 enfocado [&hellip;]<\/p>\n","protected":false},"author":1,"featured_media":17572,"comment_status":"open","ping_status":"open","sticky":false,"template":"","format":"standard","meta":{"footnotes":""},"categories":[12],"tags":[],"_links":{"self":[{"href":"https:\/\/infozamoraec.com\/index.php\/wp-json\/wp\/v2\/posts\/17571"}],"collection":[{"href":"https:\/\/infozamoraec.com\/index.php\/wp-json\/wp\/v2\/posts"}],"about":[{"href":"https:\/\/infozamoraec.com\/index.php\/wp-json\/wp\/v2\/types\/post"}],"author":[{"embeddable":true,"href":"https:\/\/infozamoraec.com\/index.php\/wp-json\/wp\/v2\/users\/1"}],"replies":[{"embeddable":true,"href":"https:\/\/infozamoraec.com\/index.php\/wp-json\/wp\/v2\/comments?post=17571"}],"version-history":[{"count":1,"href":"https:\/\/infozamoraec.com\/index.php\/wp-json\/wp\/v2\/posts\/17571\/revisions"}],"predecessor-version":[{"id":17573,"href":"https:\/\/infozamoraec.com\/index.php\/wp-json\/wp\/v2\/posts\/17571\/revisions\/17573"}],"wp:featuredmedia":[{"embeddable":true,"href":"https:\/\/infozamoraec.com\/index.php\/wp-json\/wp\/v2\/media\/17572"}],"wp:attachment":[{"href":"https:\/\/infozamoraec.com\/index.php\/wp-json\/wp\/v2\/media?parent=17571"}],"wp:term":[{"taxonomy":"category","embeddable":true,"href":"https:\/\/infozamoraec.com\/index.php\/wp-json\/wp\/v2\/categories?post=17571"},{"taxonomy":"post_tag","embeddable":true,"href":"https:\/\/infozamoraec.com\/index.php\/wp-json\/wp\/v2\/tags?post=17571"}],"curies":[{"name":"wp","href":"https:\/\/api.w.org\/{rel}","templated":true}]}}