{"id":17565,"date":"2025-11-28T02:10:28","date_gmt":"2025-11-28T02:10:28","guid":{"rendered":"https:\/\/infozamoraec.com\/?p=17565"},"modified":"2025-11-28T02:11:39","modified_gmt":"2025-11-28T02:11:39","slug":"unidad-de-educacion-especializada-andres-francisco-cordova-celebro-41-anos-con-un-colorido-pregon-en-zamora","status":"publish","type":"post","link":"https:\/\/infozamoraec.com\/index.php\/2025\/11\/28\/unidad-de-educacion-especializada-andres-francisco-cordova-celebro-41-anos-con-un-colorido-pregon-en-zamora\/","title":{"rendered":"Unidad de Educaci\u00f3n Especializada Andr\u00e9s Francisco C\u00f3rdova celebr\u00f3 41 a\u00f1os con un colorido preg\u00f3n en Zamora"},"content":{"rendered":"<p>La Unidad de Educaci\u00f3n Especializada Andr\u00e9s Francisco C\u00f3rdova de la ciudad de\u00a0 Zamora abri\u00f3 oficialmente sus festividades por el 41.\u00b0 aniversario institucional con un alegre y concurrido preg\u00f3n que recorri\u00f3 varias calles de la capital provincial de Zamora Chinchipe.<\/p>\n<p>Estudiantes, docentes y padres de familia participaron con entusiasmo en esta jornada festiva, que llen\u00f3 de m\u00fasica, color y expresiones art\u00edsticas el centro de la ciudad. Durante el recorrido, se evidenci\u00f3 el compromiso y el esp\u00edritu de unidad de la comunidad educativa, que celebr\u00f3 m\u00e1s de cuatro d\u00e9cadas de trabajo a favor de la inclusi\u00f3n y el desarrollo integral de ni\u00f1os y j\u00f3venes con discapacidad.<\/p>\n<p>El preg\u00f3n se convirti\u00f3 en un espacio de convivencia y reconocimiento a la labor de la instituci\u00f3n, que ha sido un referente provincial en la atenci\u00f3n especializada y en la promoci\u00f3n de valores como el respeto, la solidaridad y la igualdad de oportunidades.<\/p>\n<p>La jornada estuvo marcada por la alegr\u00eda, las sonrisas y el orgullo de quienes forman parte de esta instituci\u00f3n, que contin\u00faa fortaleciendo su misi\u00f3n educativa y reafirmando su compromiso con una educaci\u00f3n inclusiva y de calidad.<\/p>\n","protected":false},"excerpt":{"rendered":"<p>La Unidad de Educaci\u00f3n Especializada Andr\u00e9s Francisco C\u00f3rdova de la ciudad de\u00a0 Zamora abri\u00f3 oficialmente sus festividades por el 41.\u00b0 aniversario institucional con un alegre y concurrido preg\u00f3n que recorri\u00f3 varias calles de la capital provincial de Zamora Chinchipe. Estudiantes, docentes y padres de familia participaron con entusiasmo en esta jornada festiva, que llen\u00f3 de [&hellip;]<\/p>\n","protected":false},"author":1,"featured_media":17566,"comment_status":"open","ping_status":"open","sticky":false,"template":"","format":"standard","meta":{"footnotes":""},"categories":[9],"tags":[],"_links":{"self":[{"href":"https:\/\/infozamoraec.com\/index.php\/wp-json\/wp\/v2\/posts\/17565"}],"collection":[{"href":"https:\/\/infozamoraec.com\/index.php\/wp-json\/wp\/v2\/posts"}],"about":[{"href":"https:\/\/infozamoraec.com\/index.php\/wp-json\/wp\/v2\/types\/post"}],"author":[{"embeddable":true,"href":"https:\/\/infozamoraec.com\/index.php\/wp-json\/wp\/v2\/users\/1"}],"replies":[{"embeddable":true,"href":"https:\/\/infozamoraec.com\/index.php\/wp-json\/wp\/v2\/comments?post=17565"}],"version-history":[{"count":4,"href":"https:\/\/infozamoraec.com\/index.php\/wp-json\/wp\/v2\/posts\/17565\/revisions"}],"predecessor-version":[{"id":17570,"href":"https:\/\/infozamoraec.com\/index.php\/wp-json\/wp\/v2\/posts\/17565\/revisions\/17570"}],"wp:featuredmedia":[{"embeddable":true,"href":"https:\/\/infozamoraec.com\/index.php\/wp-json\/wp\/v2\/media\/17566"}],"wp:attachment":[{"href":"https:\/\/infozamoraec.com\/index.php\/wp-json\/wp\/v2\/media?parent=17565"}],"wp:term":[{"taxonomy":"category","embeddable":true,"href":"https:\/\/infozamoraec.com\/index.php\/wp-json\/wp\/v2\/categories?post=17565"},{"taxonomy":"post_tag","embeddable":true,"href":"https:\/\/infozamoraec.com\/index.php\/wp-json\/wp\/v2\/tags?post=17565"}],"curies":[{"name":"wp","href":"https:\/\/api.w.org\/{rel}","templated":true}]}}