{"id":17562,"date":"2025-11-28T02:06:06","date_gmt":"2025-11-28T02:06:06","guid":{"rendered":"https:\/\/infozamoraec.com\/?p=17562"},"modified":"2025-11-28T02:06:06","modified_gmt":"2025-11-28T02:06:06","slug":"inicia-la-construccion-del-puente-vehicular-sobre-la-quebrada-el-mani-en-timbara","status":"publish","type":"post","link":"https:\/\/infozamoraec.com\/index.php\/2025\/11\/28\/inicia-la-construccion-del-puente-vehicular-sobre-la-quebrada-el-mani-en-timbara\/","title":{"rendered":"Inicia la construcci\u00f3n del puente vehicular sobre la quebrada El Man\u00ed en Timbara"},"content":{"rendered":"<p>El ministro de la Amazon\u00eda, Oswaldo Valverde, coloc\u00f3 este mi\u00e9rcoles \u00abla primera piedra\u00bb que marca el inicio de la construcci\u00f3n del puente vehicular met\u00e1lico de doble carril sobre la quebrada El Man\u00ed, en la v\u00eda que conecta las comunidades de Timbara y Tunantza Alto.<\/p>\n<p>La obra, esperada\u00a0 por los habitantes del sector, busca resolver de manera definitiva los problemas de movilidad y seguridad vial que han afectado a cientos de familias. Durante el acto oficial, el ministro Valverde cuestion\u00f3 las condiciones en las que la poblaci\u00f3n se hab\u00eda visto obligada a movilizarse durante a\u00f1os.<\/p>\n<p>\u201c\u00bfC\u00f3mo es posible que las familias hayan tenido que cruzar por un puente improvisado de madera, poniendo en riesgo su vida?\u201d, manifest\u00f3. En su discurso, reiter\u00f3 el compromiso del Gobierno Nacional de ejecutar obras que aporten al bienestar, desarrollo y dignidad de las comunidades amaz\u00f3nicas.<\/p>\n<p>Los trabajos de construcci\u00f3n tendr\u00e1n una duraci\u00f3n aproximada de nueve meses, con una inversi\u00f3n superior a USD 600.000, recursos gestionados desde el Gobierno Nacional y canalizados para atender esta prioridad comunitaria.<\/p>\n<p>Por su parte, el presidente del GAD Parroquial de Timbara, Jonatan Chiriboga, expres\u00f3 su satisfacci\u00f3n por el inicio del proyecto. Se\u00f1al\u00f3 que esta obra responde a una gesti\u00f3n persistente realizada en beneficio de la parroquia. \u201cCada gesto, cada esfuerzo y cada aporte refleja nuestro compromiso por construir una parroquia m\u00e1s unida, moderna y preparada para los desaf\u00edos del futuro, con resultados a la vista por una Timbara Pr\u00f3spera y Activa\u201d, afirm\u00f3.<\/p>\n<p>Con el inicio de esta construcci\u00f3n, las comunidades de Timbara y Tunantza Alto avanzan hacia una mejor conectividad, mayor seguridad y mejores oportunidades para su desarrollo social y econ\u00f3mico.<\/p>\n","protected":false},"excerpt":{"rendered":"<p>El ministro de la Amazon\u00eda, Oswaldo Valverde, coloc\u00f3 este mi\u00e9rcoles \u00abla primera piedra\u00bb que marca el inicio de la construcci\u00f3n del puente vehicular met\u00e1lico de doble carril sobre la quebrada El Man\u00ed, en la v\u00eda que conecta las comunidades de Timbara y Tunantza Alto. La obra, esperada\u00a0 por los habitantes del sector, busca resolver de [&hellip;]<\/p>\n","protected":false},"author":1,"featured_media":17563,"comment_status":"open","ping_status":"open","sticky":false,"template":"","format":"standard","meta":{"footnotes":""},"categories":[9],"tags":[],"_links":{"self":[{"href":"https:\/\/infozamoraec.com\/index.php\/wp-json\/wp\/v2\/posts\/17562"}],"collection":[{"href":"https:\/\/infozamoraec.com\/index.php\/wp-json\/wp\/v2\/posts"}],"about":[{"href":"https:\/\/infozamoraec.com\/index.php\/wp-json\/wp\/v2\/types\/post"}],"author":[{"embeddable":true,"href":"https:\/\/infozamoraec.com\/index.php\/wp-json\/wp\/v2\/users\/1"}],"replies":[{"embeddable":true,"href":"https:\/\/infozamoraec.com\/index.php\/wp-json\/wp\/v2\/comments?post=17562"}],"version-history":[{"count":1,"href":"https:\/\/infozamoraec.com\/index.php\/wp-json\/wp\/v2\/posts\/17562\/revisions"}],"predecessor-version":[{"id":17564,"href":"https:\/\/infozamoraec.com\/index.php\/wp-json\/wp\/v2\/posts\/17562\/revisions\/17564"}],"wp:featuredmedia":[{"embeddable":true,"href":"https:\/\/infozamoraec.com\/index.php\/wp-json\/wp\/v2\/media\/17563"}],"wp:attachment":[{"href":"https:\/\/infozamoraec.com\/index.php\/wp-json\/wp\/v2\/media?parent=17562"}],"wp:term":[{"taxonomy":"category","embeddable":true,"href":"https:\/\/infozamoraec.com\/index.php\/wp-json\/wp\/v2\/categories?post=17562"},{"taxonomy":"post_tag","embeddable":true,"href":"https:\/\/infozamoraec.com\/index.php\/wp-json\/wp\/v2\/tags?post=17562"}],"curies":[{"name":"wp","href":"https:\/\/api.w.org\/{rel}","templated":true}]}}