{"id":17555,"date":"2025-11-28T01:55:08","date_gmt":"2025-11-28T01:55:08","guid":{"rendered":"https:\/\/infozamoraec.com\/?p=17555"},"modified":"2025-11-28T01:55:08","modified_gmt":"2025-11-28T01:55:08","slug":"el-pangui-dio-inicio-a-la-construccion-del-centro-comercial-las-orquideas-una-obra-que-transformara-la-dinamica-economica-del-canton","status":"publish","type":"post","link":"https:\/\/infozamoraec.com\/index.php\/2025\/11\/28\/el-pangui-dio-inicio-a-la-construccion-del-centro-comercial-las-orquideas-una-obra-que-transformara-la-dinamica-economica-del-canton\/","title":{"rendered":"El Pangui dio inicio a la construcci\u00f3n del Centro Comercial \u201cLas Orqu\u00eddeas\u201d, una obra que transformar\u00e1 la din\u00e1mica econ\u00f3mica del cant\u00f3n"},"content":{"rendered":"<p>Con amplia participaci\u00f3n ciudadana, la Alcald\u00eda de El Pangui oficializ\u00f3 el inicio de la construcci\u00f3n del Centro Comercial \u201cLas Orqu\u00eddeas\u201d, un proyecto emblem\u00e1tico que cuenta con una inversi\u00f3n no reembolsable de USD 2\u2019935,173.34, gestionada con el apoyo del Gobierno Nacional a trav\u00e9s de la Secretar\u00eda T\u00e9cnica de la Amazon\u00eda.<\/p>\n<p>Durante la ceremonia inaugural, la vicealcaldesa Mayra Quezada dio la bienvenida a los asistentes y destac\u00f3 el impacto del proyecto para el cant\u00f3n. Se\u00f1al\u00f3 que la obra responde a una necesidad hist\u00f3rica:<br \/>\n\u201cHoy acompa\u00f1amos el inicio de una obra que transformar\u00e1 la din\u00e1mica comercial y social de El Pangui. La construcci\u00f3n del nuevo centro comercial es fruto del compromiso que tenemos con nuestros comerciantes, productores y con cada ciudadano que conf\u00eda en este Gobierno Municipal\u201d, enfatiz\u00f3.<\/p>\n<p>En representaci\u00f3n de los adjudicatarios del mercado municipal, Martha Coello valor\u00f3 el esfuerzo conjunto que permiti\u00f3 alcanzar este objetivo. \u201cEsta obra es el s\u00edmbolo de nuestra lucha por un espacio digno para nuestras familias. Agradecemos a nuestras autoridades, al alcalde y a los concejales que escucharon nuestro clamor\u201d, afirm\u00f3.<\/p>\n<p>Por su parte, el alcalde Jairo Herrera destac\u00f3 que la obra marca un antes y un despu\u00e9s en el desarrollo local. Seg\u00fan explic\u00f3, el nuevo centro comercial beneficiar\u00e1 a m\u00e1s de 12.000 habitantes y generar\u00e1 empleo para m\u00e1s de 100 personas durante un a\u00f1o.<br \/>\n\u201cHasta hoy hemos gestionado m\u00e1s de 20 millones de d\u00f3lares, m\u00e1s del 75% no reembolsables, y ya contamos con los recursos para el pr\u00f3ximo a\u00f1o\u201d, asegur\u00f3.<\/p>\n<p>La autoridad municipal anunci\u00f3 adem\u00e1s la pr\u00f3xima inauguraci\u00f3n del sistema de alcantarillado y embaulada etapa III, ya concluido, as\u00ed como la confirmaci\u00f3n de la futura construcci\u00f3n de la Universidad para Zamora Chinchipe, que se edificar\u00e1 en la llamada \u201cOrqu\u00eddea de la Amazon\u00eda\u201d. El ayuntamiento entreg\u00f3 previamente los terrenos destinados para este proyecto educativo.<\/p>\n<p>El presidente de la Secretar\u00eda T\u00e9cnica de la Amazon\u00eda, Oswaldo Valverde, resalt\u00f3 el aporte que tendr\u00e1 esta obra para la ciudad y el turismo local.<br \/>\n\u201cHoy inicia una obra que aportar\u00e1 al desarrollo de El Pangui. Reconocemos el liderazgo del alcalde Herrera, quien ha canalizado y gestionado estos recursos. Como amaz\u00f3nicos y como Gobierno Nacional, estamos aqu\u00ed para apoyar este tipo de proyectos\u201d, indic\u00f3.<\/p>\n<p>El nuevo Centro Comercial \u201cLas Orqu\u00eddeas\u201d contempla m\u00e1s de 4600 m\u00b2 de construcci\u00f3n, distribuidos en dos plantas y 167 locales comerciales. Adem\u00e1s, incluir\u00e1 tres accesos principales, tres salidas de emergencia, estacionamiento, zonas de descarga y un espacio para el servicio de taxi, consolid\u00e1ndose como un motor para el desarrollo productivo, social y econ\u00f3mico del cant\u00f3n El Pangui.<\/p>\n","protected":false},"excerpt":{"rendered":"<p>Con amplia participaci\u00f3n ciudadana, la Alcald\u00eda de El Pangui oficializ\u00f3 el inicio de la construcci\u00f3n del Centro Comercial \u201cLas Orqu\u00eddeas\u201d, un proyecto emblem\u00e1tico que cuenta con una inversi\u00f3n no reembolsable de USD 2\u2019935,173.34, gestionada con el apoyo del Gobierno Nacional a trav\u00e9s de la Secretar\u00eda T\u00e9cnica de la Amazon\u00eda. Durante la ceremonia inaugural, la vicealcaldesa [&hellip;]<\/p>\n","protected":false},"author":1,"featured_media":17556,"comment_status":"open","ping_status":"open","sticky":false,"template":"","format":"standard","meta":{"footnotes":""},"categories":[9],"tags":[],"_links":{"self":[{"href":"https:\/\/infozamoraec.com\/index.php\/wp-json\/wp\/v2\/posts\/17555"}],"collection":[{"href":"https:\/\/infozamoraec.com\/index.php\/wp-json\/wp\/v2\/posts"}],"about":[{"href":"https:\/\/infozamoraec.com\/index.php\/wp-json\/wp\/v2\/types\/post"}],"author":[{"embeddable":true,"href":"https:\/\/infozamoraec.com\/index.php\/wp-json\/wp\/v2\/users\/1"}],"replies":[{"embeddable":true,"href":"https:\/\/infozamoraec.com\/index.php\/wp-json\/wp\/v2\/comments?post=17555"}],"version-history":[{"count":2,"href":"https:\/\/infozamoraec.com\/index.php\/wp-json\/wp\/v2\/posts\/17555\/revisions"}],"predecessor-version":[{"id":17558,"href":"https:\/\/infozamoraec.com\/index.php\/wp-json\/wp\/v2\/posts\/17555\/revisions\/17558"}],"wp:featuredmedia":[{"embeddable":true,"href":"https:\/\/infozamoraec.com\/index.php\/wp-json\/wp\/v2\/media\/17556"}],"wp:attachment":[{"href":"https:\/\/infozamoraec.com\/index.php\/wp-json\/wp\/v2\/media?parent=17555"}],"wp:term":[{"taxonomy":"category","embeddable":true,"href":"https:\/\/infozamoraec.com\/index.php\/wp-json\/wp\/v2\/categories?post=17555"},{"taxonomy":"post_tag","embeddable":true,"href":"https:\/\/infozamoraec.com\/index.php\/wp-json\/wp\/v2\/tags?post=17555"}],"curies":[{"name":"wp","href":"https:\/\/api.w.org\/{rel}","templated":true}]}}