{"id":17549,"date":"2025-11-27T02:18:26","date_gmt":"2025-11-27T02:18:26","guid":{"rendered":"https:\/\/infozamoraec.com\/?p=17549"},"modified":"2025-11-27T02:18:26","modified_gmt":"2025-11-27T02:18:26","slug":"peru-condenan-a-14-anos-de-carcel-al-expresidente-vizcarra","status":"publish","type":"post","link":"https:\/\/infozamoraec.com\/index.php\/2025\/11\/27\/peru-condenan-a-14-anos-de-carcel-al-expresidente-vizcarra\/","title":{"rendered":"Per\u00fa: condenan a 14 a\u00f1os de c\u00e1rcel al expresidente Vizcarra"},"content":{"rendered":"<p>El expresidente de Per\u00fa Mart\u00edn Vizcarra (2018-2020) fue condenado este mi\u00e9rcoles (26.11.2025) a 14 a\u00f1os de prisi\u00f3n por el delito de cohecho pasivo propio al considerar el tribunal a cargo del juicio que recibi\u00f3 m\u00e1s de 2,3 millones de soles (unos 700.000 d\u00f3lares) cuando fue gobernador de la sure\u00f1a regi\u00f3n de Moquegua (2011-2014), antes de ser jefe de Estado.<\/p>\n<p>La presidenta del Cuarto Juzgado Penal Colegiado Nacional, Fernanda Ayasta, declar\u00f3 probado que Vizcarra, de 62 a\u00f1os, propuso y recibi\u00f3 una coima (soborno) de un mill\u00f3n de soles de la empresa Obrainsa para adjudicarle el proyecto de irrigaci\u00f3n agr\u00edcola Lomas de Ilo en 2013, as\u00ed como que recibi\u00f3 en efectivo m\u00e1s de 1,3 millones de soles de la empresa ICCGSA para desarrollar el mejoramiento del Hospital de Moquegua.<\/p>\n<p>La jueza subray\u00f3 que Vizcarra cometi\u00f3 \u00abactos il\u00edcitos\u00bb aprovechando su cargo de gobernador regional, al entregar los contratos \u00aba cambio de dinero\u00bb. Adem\u00e1s de los 14 a\u00f1os de prisi\u00f3n efectiva, con ejecuci\u00f3n inmediata, la sala dict\u00f3 una inhabilitaci\u00f3n para ejercer cargos p\u00fablicos de 9 a\u00f1os y una multa de 94.900 soles (28.100 d\u00f3lares). Si bien la Fiscal\u00eda hab\u00eda pedido 15 a\u00f1os de c\u00e1rcel, la sala consider\u00f3 como un atenuante que el expresidente no tenga antecedentes.<\/p>\n<p>\u00abNo es justicia, es venganza\u00bb<br \/>\nMinutos despu\u00e9s de escuchar la sentencia, y a\u00fan en la sala judicial, Vizcarra, que hizo de la lucha contra la corrupci\u00f3n su bandera, comparti\u00f3 un mensaje en su cuenta de X (Twitter) en el que afirm\u00f3 que fue sentenciado \u00abpor enfrentar al pacto mafioso\u00bb que domina el Congreso, un conjunto de fuerzas conservadoras que lo destituyeron en 2020 al aparecer estos indicios pasados de corrupci\u00f3n, pero que el exgobernante adujo a una venganza por haber cerrado en 2019 el Congreso cuando obstru\u00edan sus reformas.<\/p>\n<p>\u00abNo es justicia, es venganza. Pero no me van a doblegar. La respuesta est\u00e1 en las urnas. Mi hermano Mario Vizcarra continuar\u00e1 esta lucha por ustedes. El Per\u00fa es primero y nadie podr\u00e1 silenciarlo\u00bb, agreg\u00f3 el exmandatario, que pidi\u00f3 votar por su hermano, quien lo reemplazar\u00e1 como candidato presidencial en las elecciones de 2026.<\/p>\n<p>Vizcarra, que gobern\u00f3 con niveles r\u00e9cord de popularidad, sali\u00f3 del tribunal escoltado por agentes de la Polic\u00eda Nacional de Per\u00fa, que lo entregaron al Instituto Nacional Penitenciario (Inpe) para su ingreso en c\u00e1rcel. El pol\u00edtico centroizquierdista ir\u00e1 a prisi\u00f3n al mismo tiempo que tres otros expresidentes peruanos:\u00a0<a class=\"internal-link\" href=\"https:\/\/www.dw.com\/es\/castillo-pedro\/t-61382185\" target=\"_blank\" rel=\"noopener\">Pedro Castillo<\/a>\u00a0(2021-2022), Ollanta Humala (2011-2016) y\u00a0<a class=\"internal-link\" href=\"https:\/\/www.dw.com\/es\/toledo-alejandro\/t-37503584\" target=\"_blank\" rel=\"noopener\">Alejandro Toledo<\/a>\u00a0(2001-2006).<\/p>\n<p>DZC (EFE, AFP)<\/p>\n<p>&nbsp;<\/p>\n","protected":false},"excerpt":{"rendered":"<p>El expresidente de Per\u00fa Mart\u00edn Vizcarra (2018-2020) fue condenado este mi\u00e9rcoles (26.11.2025) a 14 a\u00f1os de prisi\u00f3n por el delito de cohecho pasivo propio al considerar el tribunal a cargo del juicio que recibi\u00f3 m\u00e1s de 2,3 millones de soles (unos 700.000 d\u00f3lares) cuando fue gobernador de la sure\u00f1a regi\u00f3n de Moquegua (2011-2014), antes de [&hellip;]<\/p>\n","protected":false},"author":1,"featured_media":17550,"comment_status":"open","ping_status":"open","sticky":false,"template":"","format":"standard","meta":{"footnotes":""},"categories":[8],"tags":[],"_links":{"self":[{"href":"https:\/\/infozamoraec.com\/index.php\/wp-json\/wp\/v2\/posts\/17549"}],"collection":[{"href":"https:\/\/infozamoraec.com\/index.php\/wp-json\/wp\/v2\/posts"}],"about":[{"href":"https:\/\/infozamoraec.com\/index.php\/wp-json\/wp\/v2\/types\/post"}],"author":[{"embeddable":true,"href":"https:\/\/infozamoraec.com\/index.php\/wp-json\/wp\/v2\/users\/1"}],"replies":[{"embeddable":true,"href":"https:\/\/infozamoraec.com\/index.php\/wp-json\/wp\/v2\/comments?post=17549"}],"version-history":[{"count":1,"href":"https:\/\/infozamoraec.com\/index.php\/wp-json\/wp\/v2\/posts\/17549\/revisions"}],"predecessor-version":[{"id":17551,"href":"https:\/\/infozamoraec.com\/index.php\/wp-json\/wp\/v2\/posts\/17549\/revisions\/17551"}],"wp:featuredmedia":[{"embeddable":true,"href":"https:\/\/infozamoraec.com\/index.php\/wp-json\/wp\/v2\/media\/17550"}],"wp:attachment":[{"href":"https:\/\/infozamoraec.com\/index.php\/wp-json\/wp\/v2\/media?parent=17549"}],"wp:term":[{"taxonomy":"category","embeddable":true,"href":"https:\/\/infozamoraec.com\/index.php\/wp-json\/wp\/v2\/categories?post=17549"},{"taxonomy":"post_tag","embeddable":true,"href":"https:\/\/infozamoraec.com\/index.php\/wp-json\/wp\/v2\/tags?post=17549"}],"curies":[{"name":"wp","href":"https:\/\/api.w.org\/{rel}","templated":true}]}}