{"id":17533,"date":"2025-11-27T02:01:05","date_gmt":"2025-11-27T02:01:05","guid":{"rendered":"https:\/\/infozamoraec.com\/?p=17533"},"modified":"2025-11-27T02:12:24","modified_gmt":"2025-11-27T02:12:24","slug":"aquiles-la-suspension-de-procesos-del-sercop-impide-la-importacion-de-insulina","status":"publish","type":"post","link":"https:\/\/infozamoraec.com\/index.php\/2025\/11\/27\/aquiles-la-suspension-de-procesos-del-sercop-impide-la-importacion-de-insulina\/","title":{"rendered":"Aquiles: La suspensi\u00f3n de procesos del Sercop impide la importaci\u00f3n de insulina"},"content":{"rendered":"<p>El alcalde guayaquile\u00f1o Aquiles \u00c1lvarez protest\u00f3 una vez m\u00e1s por la suspensi\u00f3n de procesos municipales por parte del Servicio Nacional de Contrataci\u00f3n P\u00fablica (Sercop), alegando que causan bloqueos \u00abgrav\u00edsimos\u00bb como impedimentos a la importaci\u00f3n de insulina.<\/p>\n<p>En su cuenta oficial de X, \u00c1lvarez denunci\u00f3 que el Sercop \u00abvolvi\u00f3 a suspender procesos clave\u00bb del Municipio, refiri\u00e9ndose a quejas anteriores sobre la cancelaci\u00f3n de contratos para la comunicaci\u00f3n institucional. \u00abTodos los procesos del Municipio est\u00e1n sustentados. Incluso el propio SERCOP emiti\u00f3 oficios para levantar ciertas suspensiones, pero no los ejecutan\u00bb, escribi\u00f3.<\/p>\n<p>Sobre la insulina, el funcionario sostiene que \u00abgente hace filas, sufre y viaja hasta Colombia para conseguirla\u00bb y hacer frente a la crisis de diabetes que enfrentan muchos ecuatorianos. En el mismo mensaje arremeti\u00f3 contra el Gobierno del presidente Daniel Noboa, con quien mantiene un enfrentamiento pol\u00edtico.<strong>\u00a0\u00abEl pa\u00eds ya rechaz\u00f3 ese estilo el 16 de noviembre\u00bb<\/strong>, dijo en referencia a la reciente derrota electoral del Ejecutivo, en el que el pueblo rechaz\u00f3 sus propuestas a trav\u00e9s de un refer\u00e9ndum.<\/p>\n<p><strong>\u00abSabemos que vendr\u00e1n m\u00e1s trabas, incluso financieras, para afectar el flujo de la ciudad. No es la primera vez y tampoco nos va a detener\u00bb<\/strong>, a\u00f1adi\u00f3 \u00c1lvarez.\u00a0<strong>(I)<\/strong><\/p>\n","protected":false},"excerpt":{"rendered":"<p>El alcalde guayaquile\u00f1o Aquiles \u00c1lvarez protest\u00f3 una vez m\u00e1s por la suspensi\u00f3n de procesos municipales por parte del Servicio Nacional de Contrataci\u00f3n P\u00fablica (Sercop), alegando que causan bloqueos \u00abgrav\u00edsimos\u00bb como impedimentos a la importaci\u00f3n de insulina. En su cuenta oficial de X, \u00c1lvarez denunci\u00f3 que el Sercop \u00abvolvi\u00f3 a suspender procesos clave\u00bb del Municipio, refiri\u00e9ndose [&hellip;]<\/p>\n","protected":false},"author":1,"featured_media":17534,"comment_status":"open","ping_status":"open","sticky":false,"template":"","format":"standard","meta":{"footnotes":""},"categories":[12],"tags":[],"_links":{"self":[{"href":"https:\/\/infozamoraec.com\/index.php\/wp-json\/wp\/v2\/posts\/17533"}],"collection":[{"href":"https:\/\/infozamoraec.com\/index.php\/wp-json\/wp\/v2\/posts"}],"about":[{"href":"https:\/\/infozamoraec.com\/index.php\/wp-json\/wp\/v2\/types\/post"}],"author":[{"embeddable":true,"href":"https:\/\/infozamoraec.com\/index.php\/wp-json\/wp\/v2\/users\/1"}],"replies":[{"embeddable":true,"href":"https:\/\/infozamoraec.com\/index.php\/wp-json\/wp\/v2\/comments?post=17533"}],"version-history":[{"count":1,"href":"https:\/\/infozamoraec.com\/index.php\/wp-json\/wp\/v2\/posts\/17533\/revisions"}],"predecessor-version":[{"id":17535,"href":"https:\/\/infozamoraec.com\/index.php\/wp-json\/wp\/v2\/posts\/17533\/revisions\/17535"}],"wp:featuredmedia":[{"embeddable":true,"href":"https:\/\/infozamoraec.com\/index.php\/wp-json\/wp\/v2\/media\/17534"}],"wp:attachment":[{"href":"https:\/\/infozamoraec.com\/index.php\/wp-json\/wp\/v2\/media?parent=17533"}],"wp:term":[{"taxonomy":"category","embeddable":true,"href":"https:\/\/infozamoraec.com\/index.php\/wp-json\/wp\/v2\/categories?post=17533"},{"taxonomy":"post_tag","embeddable":true,"href":"https:\/\/infozamoraec.com\/index.php\/wp-json\/wp\/v2\/tags?post=17533"}],"curies":[{"name":"wp","href":"https:\/\/api.w.org\/{rel}","templated":true}]}}